{"id":3771,"date":"2021-08-06T11:35:19","date_gmt":"2021-08-06T11:35:19","guid":{"rendered":"https:\/\/www.ofpublicinterest.eu\/?p=3771"},"modified":"2023-06-08T23:04:02","modified_gmt":"2023-06-08T21:04:02","slug":"caronte","status":"publish","type":"post","link":"https:\/\/www.ofpublicinterest.eu\/index.php\/2021\/08\/06\/caronte\/","title":{"rendered":"Caronte"},"content":{"rendered":"\n<p>Mi piace pensare che tutto ci\u00f2 che c\u2019\u00e8 da sapere sulla vita si raccolga dai terreni pi\u00f9 semplici e veri, come gli occhi di Caronte.<\/p>\n\n\n\n<p>Caronte cammina sicuro per le strade di Napoli, le conosce bene, eppure non smette di meravigliarsi. Si ferma di fronte ai dettagli pi\u00f9 piccoli, li riscopre, come il fiore del basilico. L\u2019altra sera, quando l\u2019ho conosciuto, non si stancava mai di assaporare quell\u2019odore cos\u00ec noto. Mentre giriamo per i vicoli si lascia affascinare da alcune, invisibili, scritte sui muri. \u201cSono felice\u201d mi dice \u201cessere qui, per queste strade, poter chiacchierare sulla vita, mi riempie di emozione\u201d.<\/p>\n\n\n\n<div class=\"wp-block-columns is-layout-flex wp-container-core-columns-is-layout-9d6595d7 wp-block-columns-is-layout-flex\">\n<div class=\"wp-block-column is-layout-flow wp-block-column-is-layout-flow\" style=\"flex-basis:100%\">\n<div class=\"wp-block-columns is-layout-flex wp-container-core-columns-is-layout-9d6595d7 wp-block-columns-is-layout-flex\">\n<div class=\"wp-block-column is-layout-flow wp-block-column-is-layout-flow\" style=\"flex-basis:100%\">\n<div class=\"wp-block-columns is-layout-flex wp-container-core-columns-is-layout-9d6595d7 wp-block-columns-is-layout-flex\">\n<div class=\"wp-block-column is-layout-flow wp-block-column-is-layout-flow\" style=\"flex-basis:100%\">\n<div class=\"wp-block-columns is-layout-flex wp-container-core-columns-is-layout-9d6595d7 wp-block-columns-is-layout-flex\">\n<div class=\"wp-block-column is-layout-flow wp-block-column-is-layout-flow\">\n<figure class=\"wp-block-image size-large\"><img loading=\"lazy\" decoding=\"async\" width=\"1024\" height=\"682\" src=\"http:\/\/lea.erpx.it\/wp-content\/uploads\/2021\/08\/WhatsApp-Image-2021-07-19-at-23.27.35-1-1024x682.jpeg\" alt=\"\" class=\"wp-image-3777\" srcset=\"https:\/\/www.ofpublicinterest.eu\/wp-content\/uploads\/2021\/08\/WhatsApp-Image-2021-07-19-at-23.27.35-1-1024x682.jpeg 1024w, https:\/\/www.ofpublicinterest.eu\/wp-content\/uploads\/2021\/08\/WhatsApp-Image-2021-07-19-at-23.27.35-1-300x200.jpeg 300w, https:\/\/www.ofpublicinterest.eu\/wp-content\/uploads\/2021\/08\/WhatsApp-Image-2021-07-19-at-23.27.35-1-768x512.jpeg 768w, https:\/\/www.ofpublicinterest.eu\/wp-content\/uploads\/2021\/08\/WhatsApp-Image-2021-07-19-at-23.27.35-1-1536x1023.jpeg 1536w, https:\/\/www.ofpublicinterest.eu\/wp-content\/uploads\/2021\/08\/WhatsApp-Image-2021-07-19-at-23.27.35-1.jpeg 1600w\" sizes=\"auto, (max-width: 1024px) 100vw, 1024px\" \/><\/figure>\n<\/div>\n\n\n\n<div class=\"wp-block-column is-layout-flow wp-block-column-is-layout-flow\">\n<figure class=\"wp-block-image size-large\"><img decoding=\"async\" src=\"https:\/\/www.ofpublicinterest.eu\/wp-content\/uploads\/2021\/08\/carontes_35-scaled-1-1024x683.jpg\" alt=\"\"\/><\/figure>\n<\/div>\n<\/div>\n\n\n\n<p>Ha gli occhi azzurri, di un azzurro chiaro e netto. Un modo semplice di essere, senza sfumature, cos\u00ec come i quadri che dipinge. Poche tonalit\u00e0 per raccontare un\u2019emozione, come la felicit\u00e0 provata da ragazzino ogni volta che percorreva i dieci chilometri di strada che lo conducevano a casa della nonna. E\u2019 l\u2019arte di stupirsi di fronte alla vita, che secondo Caronte si traduce massimamente nell\u2019espressione napoletana \u201cUa!\u201d.<\/p>\n\n\n\n<p>Bench\u00e9 viva in un paese dalle parti di Matera, gli capita di utilizzare con una certa disinvoltura modi di dire del nostro dialetto. \u201c<em>E\u2019 che io mi sento fisiologicamente napoletano perch\u00e9 Napoli \u00e8 una citt\u00e0 d\u2019amore e io mi nutro di emozioni\u201d. <\/em>Ci addentriamo in questo concetto<em>. <\/em>Mi spiega che dall\u2019emozione dipende la sua sopravvivenza. A volte basta una canzone che passa alla radio, di quelle che conosci da sempre, di cui riscopri improvvisamente qualche parola che ti cambia la giornata. Oppure la televisione, lui che \u00e8 cresciuto con la radio, ogni volta riconosce il valore di quell\u2019esperienza visiva che rester\u00e0 sempre un po\u2019 nuova. Altre volte \u00e8 un incontro, una chiacchierata ad arricchirlo profondamente. <em>\u201cE\u2019 importante emozionarsi per poter riconoscere il valore delle cose. Tutto passa, ma nulla dovrebbe passare inosservato.\u201d <\/em>Come la vetrina di orologi davanti alla quale si ferma incantato. Possedere un orologio durante la sua infanzia era un lusso ed oggi non smette di omaggiare qualunque vetrina gli capiti davanti restando ad osservarla per qualche minuto.<\/p>\n<\/div>\n<\/div>\n<\/div>\n<\/div>\n<\/div>\n<\/div>\n\n\n\n<div class=\"wp-block-columns is-layout-flex wp-container-core-columns-is-layout-9d6595d7 wp-block-columns-is-layout-flex\">\n<div class=\"wp-block-column is-layout-flow wp-block-column-is-layout-flow\" style=\"flex-basis:100%\">\n<div class=\"wp-block-group\"><div class=\"wp-block-group__inner-container is-layout-flow wp-block-group-is-layout-flow\">\n<div class=\"wp-block-columns is-layout-flex wp-container-core-columns-is-layout-9d6595d7 wp-block-columns-is-layout-flex\">\n<div class=\"wp-block-column is-layout-flow wp-block-column-is-layout-flow\"><div class=\"wp-block-image\">\n<figure class=\"alignleft size-large\"><img decoding=\"async\" src=\"https:\/\/www.ofpublicinterest.eu\/wp-content\/uploads\/2021\/08\/carontes_29duo-scaled-1-1024x688.jpg\" alt=\"\"\/><\/figure>\n<\/div><\/div>\n<\/div>\n<\/div><\/div>\n<\/div>\n<\/div>\n\n\n\n<p>Camminiamo, \u201c<em>L\u2019ordine \u00e8 per i mediocri<\/em>\u201d mi dice. Forse perch\u00e9 nel caos c\u2019\u00e8 pi\u00f9 verit\u00e0 sulla vita, penso. Forse i pi\u00f9 intelligenti sono quelli che si adattano al disordine, a tutto ci\u00f2 che non pu\u00f2 essere organizzato, sistemato, risolto mentre vivi. Chiss\u00e0. Caronte pensa che l\u2019intelligenza vada di pari passo con la sensibilit\u00e0, che sia quella capacit\u00e0 relazionale, o meglio detta empatia, a contraddistinguere gli uomini dagli animali e che il popolo napoletano sia maestro in questo. \u201c<em>Siete un popolo che possiede una rara eleganza comportamentale\u201d.<\/em> Spiegati meglio Caronte. <em>\u201cVoi non siete mai indifferenti, date peso al dolore, date peso all\u2019altro. E \u201ctu o ssaje ca nun s\u00ec sul\u2019, per intenderci.\u201d<\/em><\/p>\n\n\n\n<p>La prima volta che \u00e8 stato a Napoli era il 1988, da quel momento ci ritorna ogni due, tre mesi appena ne avverte nostalgia. Si definisce non un tifoso, ma un \u201csimpatizzante\u201d della citt\u00e0. Lo sottolinea. Che poi, provare simpatia, significa proprio \u201csentire con\u201d, esattamente quello che appartiene alla nostra cultura agli occhi di Caronte. Mi racconta che una volta si trovava a Mergellina con un forte dolore ai denti, dopo una decina di minuti era gi\u00e0 circondato da un gruppo di persone che, \u201csenza arte ne\u2019 parte\u201d , &nbsp;provavano ad aiutarlo, a confortarlo, a dargli qualche suggerimento. Perch\u00e9 &nbsp;\u201c<em>anche solo parlare ti fa sentire meglio. Noi siamo esseri relazionali\u201d <\/em>commenta con convinzione.<\/p>\n\n\n\n<p>Nel tempo ha spinto amici e conoscenti a conoscere Napoli. Una volta ha \u201cprescritto\u201d &nbsp;(usa proprio questo termine) un mese intero di soggiorno in citt\u00e0. &nbsp;L\u2019amico in cura aveva il cuore spezzato e al ritorno aveva parlato con pi\u00f9 persone di quante ne avesse conosciute in tutta la sua vita. L\u2019apertura che c\u2019\u00e8 tra le persone rende Napoli capitale dell\u2019umanit\u00e0, secondo Caronte. Una citt\u00e0 spogliata da categorie, una citt\u00e0 che balla libera, caotica nelle sue mille forme, nelle sue sfaccettature, nelle sue contraddizioni, una citt\u00e0 che sfugge alle definizioni, figuriamoci come si divincola dalle banalit\u00e0 dei luoghi comuni e dei pregiudizi che l\u2019avvolgono quotidianamente. <em>\u201cIl razzismo \u00e8 roba da cretini, va compatito.<\/em> <em>I pregiudizi nascono dalla cattiveria, sono misere banalit\u00e0. Pino diceva anche che Napul\u00e9 a sap tutt \u2018o munno, ma nun sann a verit\u00e0\u201d, <\/em>mi dice Caronte<\/p>\n\n\n\n<p>Forse il razzismo non \u00e8 altro che una forma d\u2019ordine, un tentativo di ripulire la realt\u00e0 dai colori, sapori, dagli odori che ci appaiono pi\u00f9 ingombranti nel piccolo spazio in cui abbiamo sempre vissuto. Forse devi essere abituato a vivere in una citt\u00e0 dove i confini sono labili, e se passi dal Vomero a Forcella l\u2019appartenenza a Napoli la senti lo stesso. Un senso di appartenenza complesso e dalle mille sfaccettature.<\/p>\n\n\n\n<figure class=\"wp-block-gallery has-nested-images columns-default is-cropped wp-block-gallery-1 is-layout-flex wp-block-gallery-is-layout-flex\">\n<figure class=\"wp-block-image size-large\"><img decoding=\"async\" src=\"https:\/\/www.ofpublicinterest.eu\/wp-content\/uploads\/2021\/08\/carontes_11-scaled-1-683x1024.jpg\" alt=\"\"\/><\/figure>\n\n\n\n<figure class=\"wp-block-image size-large\"><img decoding=\"async\" src=\"https:\/\/www.ofpublicinterest.eu\/wp-content\/uploads\/2021\/08\/carontes_36-scaled-1-683x1024.jpg\" alt=\"\"\/><\/figure>\n<\/figure>\n\n\n\n<p>Siamo nei pressi del quartiere Sanit\u00e0 quando mi indica un\u2019icona religiosa sulla porta di un basso:<em> \u201cGuarda quello \u00e8 San Michele! Mia nonna mi diceva sempre \u201cMich\u00e8, tu ti devi far proteggere perch\u00e9 c\u2019hai il diavolo in testa!\u201d. <\/em>Il diavolo \u00e8 la sua sensibilit\u00e0. Una condanna che l\u2019ha indotto da sempre a soffrire un po\u2019 troppo, ad emozionarsi un po\u2019 oltre le righe. La sensibilit\u00e0 che l\u2019ha rallentato. Rallentato, s\u00ec. Me lo spiega proprio lui in questi termini perch\u00e9 quando sei cos\u00ec sensibile, ti fermi sempre difronte al dolore della vita.<\/p>\n\n\n\n<p><em>\u201cMa se io fossi indifferente ad un senza tetto, che cosa avrei capito della mia esistenza?\u201d <\/em>me lo chiede, ma sa che sono d\u2019accordoed \u00e8 spiazzante quanti &nbsp;concetti apparentemente complessi riesca ad esprimere in modo semplice, lineare. Che poi, dalla sua sensibilit\u00e0, deriva anche il soprannome. Una volta traghett\u00f2, uno per uno, dalla Basilicata alla Campania, un gruppo di ragazzi reduci da una sagra. Temeva potessero farsi del male in preda all\u2019alcol. La sensibilit\u00e0 ti rallenta, s\u00ec. Spesso ti spinge a pensare all\u2019altro prima che a te stesso. E Caronte, nella vita, \u00e8 stato davvero lento, alle volte ha temuto di accarezzare un cane per non farlo affezionare. E fin dalla giovinezza ha sempre preso sul serio l\u2019amore perch\u00e9 <em>\u201cChi non sa amare, chi prende in giro gli altri e se stesso, \u00e8 un cretino\u201d<\/em>. Trovo sempre pi\u00f9 brillanti le sue definizioni dell\u2019 intelligenza. Quasi come se la massima ambizione a cui un uomo possa aspirare in societ\u00e0 e per se stesso sia fermarsi e comprendere, rallentare e vivere piuttosto che procedere meccanicamente alla ricerca di conferme esterne, obiettivi predefiniti e abitudini ordinate che ne silenziano la caotica natura emotiva.<\/p>\n\n\n\n<p>Rifletto su Napoli, sul suo disordine. Citt\u00e0 arretrata, lenta, ferma. Napoli ci fa disperare, ma chiss\u00e0 se poi, tutto ci\u00f2, in fondo, non ci salvi.<\/p>\n\n\n\n<figure class=\"wp-block-image size-large\"><img decoding=\"async\" src=\"https:\/\/www.ofpublicinterest.eu\/wp-content\/uploads\/2021\/08\/carontes_19-1-scaled-1-1024x683.jpg\" alt=\"\"\/><\/figure>\n\n\n\n<p>Cos\u00ec, io e Caronte continuiamo a camminare e a perderci per le strade. Prima di rimettersi sull\u2019autobus che lo riporter\u00e0 a Matera, mangia una pizza a portafoglio e mi parla, in confidenza, d\u2019amore.&nbsp; Mi dice che gli alberi d\u2019ulivo s\u2019impollinano da soli, un po\u2019 per dire che il grande amore esiste, citando Cyrano di Guccini, e trova le sue strade. Gli chiedo che cosa significhi amare secondo lui. Mi risponde che amare significa dare la parte migliore di se\u2019, avere il coraggio di accogliere tutte le fragilit\u00e0 della persona amata. Io raccolgo tutte queste preziose verit\u00e0 e me le porto con me. Penso che amare sia un\u2019arte da imparare dai migliori maestri. Prima di salutarmi mi dice che il mondo deve ritornare ad emozionarsi e cita Rino Gaetano: <em>\u201c\u00e8 la mia battaglia e io la vincer\u00f2\u201d, <\/em>poi segue<em>:<\/em><\/p>\n\n\n\n<p><em>\u201cE\u2019 che, vedi Lea, alcune persone potrebbero ritenere questa lunga chiacchierata una perdita di tempo. Ma io me ne frego. Ho capito che queste sono le persone da tenere a distanza, quelle che leggevano in me un problema. Come glielo spiego a chi mi vede arrabbiato, corrucciato che in realt\u00e0 sono emozionato? Io l\u2019ho capito a quattordici anni: la vita \u00e8 una cosa seria, non me ne voglio perdere neanche un minuto\u201d<\/em><\/p>\n\n\n\n<figure class=\"wp-block-image size-large\"><img decoding=\"async\" src=\"https:\/\/www.ofpublicinterest.eu\/wp-content\/uploads\/2021\/08\/carontes_38-1-scaled-1-683x1024.jpg\" alt=\"\"\/><\/figure>\n","protected":false},"excerpt":{"rendered":"<p>Mi piace pensare che tutto ci\u00f2 che c\u2019\u00e8 da sapere sulla vita si raccolga dai terreni pi\u00f9 semplici e veri, come gli occhi di Caronte. Caronte cammina sicuro per le strade di Napoli, le conosce bene, eppure non smette di meravigliarsi. Si ferma di fronte ai dettagli pi\u00f9 piccoli, li riscopre, come il fiore del<\/p>\n","protected":false},"author":2,"featured_media":3832,"comment_status":"open","ping_status":"open","sticky":false,"template":"","format":"standard","meta":{"om_disable_all_campaigns":false,"_mi_skip_tracking":false,"_monsterinsights_sitenote_active":false,"_monsterinsights_sitenote_note":"","_monsterinsights_sitenote_category":0,"ngg_post_thumbnail":0,"footnotes":""},"categories":[1],"tags":[44,60,64,70,75],"class_list":{"0":"post-3771","1":"post","2":"type-post","3":"status-publish","4":"format-standard","5":"has-post-thumbnail","7":"category-reportage","8":"tag-featured","9":"tag-napoli","10":"tag-razzismo","11":"tag-sensibilita","12":"tag-storie"},"aioseo_notices":[],"_links":{"self":[{"href":"https:\/\/www.ofpublicinterest.eu\/index.php\/wp-json\/wp\/v2\/posts\/3771","targetHints":{"allow":["GET"]}}],"collection":[{"href":"https:\/\/www.ofpublicinterest.eu\/index.php\/wp-json\/wp\/v2\/posts"}],"about":[{"href":"https:\/\/www.ofpublicinterest.eu\/index.php\/wp-json\/wp\/v2\/types\/post"}],"author":[{"embeddable":true,"href":"https:\/\/www.ofpublicinterest.eu\/index.php\/wp-json\/wp\/v2\/users\/2"}],"replies":[{"embeddable":true,"href":"https:\/\/www.ofpublicinterest.eu\/index.php\/wp-json\/wp\/v2\/comments?post=3771"}],"version-history":[{"count":3,"href":"https:\/\/www.ofpublicinterest.eu\/index.php\/wp-json\/wp\/v2\/posts\/3771\/revisions"}],"predecessor-version":[{"id":5659,"href":"https:\/\/www.ofpublicinterest.eu\/index.php\/wp-json\/wp\/v2\/posts\/3771\/revisions\/5659"}],"wp:featuredmedia":[{"embeddable":true,"href":"https:\/\/www.ofpublicinterest.eu\/index.php\/wp-json\/wp\/v2\/media\/3832"}],"wp:attachment":[{"href":"https:\/\/www.ofpublicinterest.eu\/index.php\/wp-json\/wp\/v2\/media?parent=3771"}],"wp:term":[{"taxonomy":"category","embeddable":true,"href":"https:\/\/www.ofpublicinterest.eu\/index.php\/wp-json\/wp\/v2\/categories?post=3771"},{"taxonomy":"post_tag","embeddable":true,"href":"https:\/\/www.ofpublicinterest.eu\/index.php\/wp-json\/wp\/v2\/tags?post=3771"}],"curies":[{"name":"wp","href":"https:\/\/api.w.org\/{rel}","templated":true}]}}