{"id":5177,"date":"2023-02-20T19:00:00","date_gmt":"2023-02-20T18:00:00","guid":{"rendered":"https:\/\/www.ofpublicinterest.eu\/?p=5177"},"modified":"2023-02-20T19:25:06","modified_gmt":"2023-02-20T18:25:06","slug":"remida-uno-spazio-di-riciclo-e-riscatto-e-il-momento-di-riconoscerlo","status":"publish","type":"post","link":"https:\/\/www.ofpublicinterest.eu\/index.php\/2023\/02\/20\/remida-uno-spazio-di-riciclo-e-riscatto-e-il-momento-di-riconoscerlo\/","title":{"rendered":"Remida, uno spazio di riciclo e riscatto. \u00c8 il momento di riconoscerlo."},"content":{"rendered":"\n<p>Per lavorare nel sociale a Napoli, bisogna sudare. Ma non si suda in virt\u00f9 di una retribuzione degna del lavoro svolto, si fatica anche solo per poter realizzare e portare a termine un progetto. Capita, che al posto di un&#8217;attivit\u00e0 del terzo settore, riconosciuta e funzionale allo sviluppo di realt\u00e0 territoriali abbandonate a loro stesse, ci si ritrovi solo la forza d&#8217;animo e la buona volont\u00e0 di chi lancia il proprio cuore oltre l&#8217;ostacolo pur di generare un cambiamento.<\/p>\n\n\n\n<p>Ponticelli non \u00e9 terra per donne, n\u00e9 per bambini, n\u00e9 per anziani. Ponticelli \u00e9 terra di Associazioni, quelle che giorno dopo giorno, la stanno restituendo a chi ne viene privato.  A chi viene privato di uno spazio verde, di una panchina, di serenit\u00e0 e di opportunit\u00e0. A chi non ha avuto accesso all&#8217;istruzione, a chi \u00e9 stato preso a calci dal mondo del lavoro ancor prima di metterci a piede, a chi il lavoro l&#8217;ha perso, a chi ha conosciuto poco il mondo fuori dalle quattro mura di casa e dentro se stesso. A chi, quando ha compiuto delle scelte, mica sapeva a cosa andava incontro, a chi si sente solo, fragile, incapace. Alle donne.<\/p>\n\n\n\n<figure class=\"wp-block-image size-large\"><img loading=\"lazy\" decoding=\"async\" width=\"1024\" height=\"683\" src=\"https:\/\/www.ofpublicinterest.eu\/wp-content\/uploads\/2023\/02\/remida-95-1024x683.jpg\" alt=\"\" class=\"wp-image-5191\" srcset=\"https:\/\/www.ofpublicinterest.eu\/wp-content\/uploads\/2023\/02\/remida-95-1024x683.jpg 1024w, https:\/\/www.ofpublicinterest.eu\/wp-content\/uploads\/2023\/02\/remida-95-300x200.jpg 300w, https:\/\/www.ofpublicinterest.eu\/wp-content\/uploads\/2023\/02\/remida-95-270x180.jpg 270w, https:\/\/www.ofpublicinterest.eu\/wp-content\/uploads\/2023\/02\/remida-95-770x515.jpg 770w, https:\/\/www.ofpublicinterest.eu\/wp-content\/uploads\/2023\/02\/remida-95.jpg 1200w\" sizes=\"auto, (max-width: 1024px) 100vw, 1024px\" \/><\/figure>\n\n\n\n<p>Il mercoled\u00ec \u00e9 il giorno in cui non si prendono impegni, c&#8217;\u00e9 un appuntamento sacrosanto in Via Curzio Malaparate numero 90,  presso la sede del laboratorio di riciclo creativo <strong>Remida<\/strong>, lo spazio gestito da <strong>Anna Marrone<\/strong> e <strong>Paola Manfredi<\/strong>. <\/p>\n\n\n\n<p>Di centri Remida nel mondo ce ne sono undici al momento: promuovono lo sviluppo culturale, la creativit\u00e0 e la sostenibilit\u00e0 attraverso il riutilizzo dei materiali di scarto. Quello a Ponticelli \u00e8 l&#8217;unico al Sud Italia, e seguendo la linea della rete internazionale invita a indagare e sperimentare la materia di scarto per darle nuova vita: contrappone alla cultura usa e getta la&nbsp;<strong>cultura&nbsp;della valorizzazione dello scarto, <\/strong>come materiale tutt&#8217;altro che povero, carico di significato e di storia.&nbsp;\u00c8 anche un centro educativo, che invita sin dall&#8217;infanzia alla scoperta dei materiali, per sviluppare consapevolezze e un senso di responsabilit\u00e0 <strong>sociale e ambientale<\/strong>, attraverso collaborazioni con scuole di ogni ordine e grado. <\/p>\n\n\n\n<p><em><strong>Attaccar Bottone<\/strong><\/em>, il laboratorio di sartoria del mercoled\u00ec, nato nel 2014, e sostenuto da pi\u00f9 di cinque anni dall&#8217;8&#215;1000 della <strong>Chiesa Valdese<\/strong>,  \u00e8 per\u00f2 un&#8217;iniziativa unica nel suo genere rispetto agli altri centri e legata al territorio per dare una risposta e per portare avanti una sfida: non \u00e9 mai troppo tardi per mettersi in gioco.<\/p>\n\n\n\n<div class=\"wp-block-columns is-layout-flex wp-container-core-columns-is-layout-9d6595d7 wp-block-columns-is-layout-flex\">\n<div class=\"wp-block-column is-layout-flow wp-block-column-is-layout-flow\">\n<figure class=\"wp-block-image size-large\"><img loading=\"lazy\" decoding=\"async\" width=\"1024\" height=\"683\" src=\"https:\/\/www.ofpublicinterest.eu\/wp-content\/uploads\/2023\/02\/remida-3-1-1024x683.jpg\" alt=\"\" class=\"wp-image-5193\" srcset=\"https:\/\/www.ofpublicinterest.eu\/wp-content\/uploads\/2023\/02\/remida-3-1-1024x683.jpg 1024w, https:\/\/www.ofpublicinterest.eu\/wp-content\/uploads\/2023\/02\/remida-3-1-300x200.jpg 300w, https:\/\/www.ofpublicinterest.eu\/wp-content\/uploads\/2023\/02\/remida-3-1-270x180.jpg 270w, https:\/\/www.ofpublicinterest.eu\/wp-content\/uploads\/2023\/02\/remida-3-1-770x515.jpg 770w, https:\/\/www.ofpublicinterest.eu\/wp-content\/uploads\/2023\/02\/remida-3-1.jpg 1200w\" sizes=\"auto, (max-width: 1024px) 100vw, 1024px\" \/><\/figure>\n<\/div>\n\n\n\n<div class=\"wp-block-column is-layout-flow wp-block-column-is-layout-flow\">\n<figure class=\"wp-block-image size-large\"><img loading=\"lazy\" decoding=\"async\" width=\"1024\" height=\"683\" src=\"https:\/\/www.ofpublicinterest.eu\/wp-content\/uploads\/2023\/02\/remida-52-1024x683.jpg\" alt=\"\" class=\"wp-image-5194\" srcset=\"https:\/\/www.ofpublicinterest.eu\/wp-content\/uploads\/2023\/02\/remida-52-1024x683.jpg 1024w, https:\/\/www.ofpublicinterest.eu\/wp-content\/uploads\/2023\/02\/remida-52-300x200.jpg 300w, https:\/\/www.ofpublicinterest.eu\/wp-content\/uploads\/2023\/02\/remida-52-270x180.jpg 270w, https:\/\/www.ofpublicinterest.eu\/wp-content\/uploads\/2023\/02\/remida-52-770x515.jpg 770w, https:\/\/www.ofpublicinterest.eu\/wp-content\/uploads\/2023\/02\/remida-52.jpg 1200w\" sizes=\"auto, (max-width: 1024px) 100vw, 1024px\" \/><\/figure>\n<\/div>\n<\/div>\n\n\n\n<p>L&#8217;esigenza era chiara: riservare uno spazio alle <strong>donne<\/strong>, di tutte le et\u00e0 e provenienti dalle diverse periferie del territorio. Uno spazio che permettesse loro di unirsi e scoprirsi, supportarsi e condividere, imparando a cucire.<\/p>\n\n\n\n<p>La maggior parte delle centinaia di donne che sono passate per il laboratorio non aveva mai messo mano ad una macchina da cucire n\u00e9 si era mai cimentata nell&#8217;ambito della sartoria.<\/p>\n\n\n\n<figure class=\"wp-block-image size-large\"><img loading=\"lazy\" decoding=\"async\" width=\"1024\" height=\"683\" src=\"https:\/\/www.ofpublicinterest.eu\/wp-content\/uploads\/2023\/02\/remida-1-1-1024x683.jpg\" alt=\"\" class=\"wp-image-5180\" srcset=\"https:\/\/www.ofpublicinterest.eu\/wp-content\/uploads\/2023\/02\/remida-1-1-1024x683.jpg 1024w, https:\/\/www.ofpublicinterest.eu\/wp-content\/uploads\/2023\/02\/remida-1-1-300x200.jpg 300w, https:\/\/www.ofpublicinterest.eu\/wp-content\/uploads\/2023\/02\/remida-1-1-270x180.jpg 270w, https:\/\/www.ofpublicinterest.eu\/wp-content\/uploads\/2023\/02\/remida-1-1-770x515.jpg 770w, https:\/\/www.ofpublicinterest.eu\/wp-content\/uploads\/2023\/02\/remida-1-1.jpg 1200w\" sizes=\"auto, (max-width: 1024px) 100vw, 1024px\" \/><\/figure>\n\n\n\n<div class=\"wp-block-columns are-vertically-aligned-top is-layout-flex wp-container-core-columns-is-layout-9d6595d7 wp-block-columns-is-layout-flex\">\n<div class=\"wp-block-column is-layout-flow wp-block-column-is-layout-flow\">\n<figure class=\"wp-block-image size-large\"><img loading=\"lazy\" decoding=\"async\" width=\"683\" height=\"1024\" src=\"https:\/\/www.ofpublicinterest.eu\/wp-content\/uploads\/2023\/02\/remida-38-683x1024.jpg\" alt=\"\" class=\"wp-image-5182\" srcset=\"https:\/\/www.ofpublicinterest.eu\/wp-content\/uploads\/2023\/02\/remida-38-683x1024.jpg 683w, https:\/\/www.ofpublicinterest.eu\/wp-content\/uploads\/2023\/02\/remida-38-200x300.jpg 200w, https:\/\/www.ofpublicinterest.eu\/wp-content\/uploads\/2023\/02\/remida-38-1024x1536.jpg 1024w, https:\/\/www.ofpublicinterest.eu\/wp-content\/uploads\/2023\/02\/remida-38.jpg 1200w\" sizes=\"auto, (max-width: 683px) 100vw, 683px\" \/><\/figure>\n<\/div>\n\n\n\n<div class=\"wp-block-column is-layout-flow wp-block-column-is-layout-flow\">\n<figure class=\"wp-block-image size-large\"><img loading=\"lazy\" decoding=\"async\" width=\"683\" height=\"1024\" src=\"https:\/\/www.ofpublicinterest.eu\/wp-content\/uploads\/2023\/02\/remida-48-683x1024.jpg\" alt=\"\" class=\"wp-image-5183\" srcset=\"https:\/\/www.ofpublicinterest.eu\/wp-content\/uploads\/2023\/02\/remida-48-683x1024.jpg 683w, https:\/\/www.ofpublicinterest.eu\/wp-content\/uploads\/2023\/02\/remida-48-200x300.jpg 200w, https:\/\/www.ofpublicinterest.eu\/wp-content\/uploads\/2023\/02\/remida-48-1024x1536.jpg 1024w, https:\/\/www.ofpublicinterest.eu\/wp-content\/uploads\/2023\/02\/remida-48.jpg 1200w\" sizes=\"auto, (max-width: 683px) 100vw, 683px\" \/><\/figure>\n<\/div>\n<\/div>\n\n\n\n<p>Oggi ognuna di loro ha scoperto una piccola capacit\u00e0, un&#8217;abilit\u00e0 che non aveva avuto l&#8217;occasione di conoscere. Per molte \u00e8 uno spazio per ritrovare la propria voce, o per abbattere la solitudine. <\/p>\n\n\n\n<p>C&#8217;\u00e8 chi ha perso il marito, chi ha attraversato una malattia, chi ha i figli lontani, chi non ne ha. Ci sono le donne che sono state rinchiuse in casa per la maggior parte della loro vita, quelle per cui gli studi o un corso di formazione sono sempre stati inaccessibili.<\/p>\n\n\n\n<figure class=\"wp-block-image size-large\"><img loading=\"lazy\" decoding=\"async\" width=\"1024\" height=\"683\" src=\"https:\/\/www.ofpublicinterest.eu\/wp-content\/uploads\/2023\/02\/remida-54-1024x683.jpg\" alt=\"\" class=\"wp-image-5196\" srcset=\"https:\/\/www.ofpublicinterest.eu\/wp-content\/uploads\/2023\/02\/remida-54-1024x683.jpg 1024w, https:\/\/www.ofpublicinterest.eu\/wp-content\/uploads\/2023\/02\/remida-54-300x200.jpg 300w, https:\/\/www.ofpublicinterest.eu\/wp-content\/uploads\/2023\/02\/remida-54-270x180.jpg 270w, https:\/\/www.ofpublicinterest.eu\/wp-content\/uploads\/2023\/02\/remida-54-770x515.jpg 770w, https:\/\/www.ofpublicinterest.eu\/wp-content\/uploads\/2023\/02\/remida-54.jpg 1200w\" sizes=\"auto, (max-width: 1024px) 100vw, 1024px\" \/><\/figure>\n\n\n\n<figure class=\"wp-block-image size-large\"><img loading=\"lazy\" decoding=\"async\" width=\"1024\" height=\"683\" src=\"https:\/\/www.ofpublicinterest.eu\/wp-content\/uploads\/2023\/02\/remida-64-1024x683.jpg\" alt=\"\" class=\"wp-image-5197\" srcset=\"https:\/\/www.ofpublicinterest.eu\/wp-content\/uploads\/2023\/02\/remida-64-1024x683.jpg 1024w, https:\/\/www.ofpublicinterest.eu\/wp-content\/uploads\/2023\/02\/remida-64-300x200.jpg 300w, https:\/\/www.ofpublicinterest.eu\/wp-content\/uploads\/2023\/02\/remida-64-270x180.jpg 270w, https:\/\/www.ofpublicinterest.eu\/wp-content\/uploads\/2023\/02\/remida-64-770x515.jpg 770w, https:\/\/www.ofpublicinterest.eu\/wp-content\/uploads\/2023\/02\/remida-64.jpg 1200w\" sizes=\"auto, (max-width: 1024px) 100vw, 1024px\" \/><\/figure>\n\n\n\n<p>Alla fine basta imparare a fare piccole cose per riscoprirsi capaci.<em> &#8220;Questo \u00e9 un luogo in grado di renderti autonoma, in poco tempo ti ritrovi ad essere fiera di te stessa, senti il sapore dell&#8217;indipendenza&#8221;<\/em> spiega <strong>Paola Mango<\/strong>, una delle prime ad approdare nel progetto. <em>&#8220;Sai cos&#8217;\u00e9 davvero incredibile qui? Che c&#8217;\u00e9 sempre un equilibrio. Si finisce sempre per trovare una soluzione o per ridere.&#8221;<\/em><\/p>\n\n\n\n<figure class=\"wp-block-image size-large\"><img loading=\"lazy\" decoding=\"async\" width=\"1024\" height=\"683\" src=\"https:\/\/www.ofpublicinterest.eu\/wp-content\/uploads\/2023\/02\/remida-102-1-1024x683.jpg\" alt=\"\" class=\"wp-image-5213\" srcset=\"https:\/\/www.ofpublicinterest.eu\/wp-content\/uploads\/2023\/02\/remida-102-1-1024x683.jpg 1024w, https:\/\/www.ofpublicinterest.eu\/wp-content\/uploads\/2023\/02\/remida-102-1-300x200.jpg 300w, https:\/\/www.ofpublicinterest.eu\/wp-content\/uploads\/2023\/02\/remida-102-1-270x180.jpg 270w, https:\/\/www.ofpublicinterest.eu\/wp-content\/uploads\/2023\/02\/remida-102-1-770x515.jpg 770w, https:\/\/www.ofpublicinterest.eu\/wp-content\/uploads\/2023\/02\/remida-102-1.jpg 1200w\" sizes=\"auto, (max-width: 1024px) 100vw, 1024px\" \/><figcaption class=\"wp-element-caption\">A sinistra Paola Mango, al centro Anna Marrone<\/figcaption><\/figure>\n\n\n\n<figure class=\"wp-block-image size-large\"><img loading=\"lazy\" decoding=\"async\" width=\"1024\" height=\"683\" src=\"https:\/\/www.ofpublicinterest.eu\/wp-content\/uploads\/2023\/02\/remida-78-1-1024x683.jpg\" alt=\"\" class=\"wp-image-5214\" srcset=\"https:\/\/www.ofpublicinterest.eu\/wp-content\/uploads\/2023\/02\/remida-78-1-1024x683.jpg 1024w, https:\/\/www.ofpublicinterest.eu\/wp-content\/uploads\/2023\/02\/remida-78-1-300x200.jpg 300w, https:\/\/www.ofpublicinterest.eu\/wp-content\/uploads\/2023\/02\/remida-78-1-270x180.jpg 270w, https:\/\/www.ofpublicinterest.eu\/wp-content\/uploads\/2023\/02\/remida-78-1-770x515.jpg 770w, https:\/\/www.ofpublicinterest.eu\/wp-content\/uploads\/2023\/02\/remida-78-1.jpg 1200w\" sizes=\"auto, (max-width: 1024px) 100vw, 1024px\" \/><\/figure>\n\n\n\n<p><em>&#8220;Raccogliere i pezzi di stoffa \u00e9 un po&#8217; come raccogliere qualcosa di noi, metterlo sul tavolo, condividerlo, accettarlo, mescolandoci in uno spazio complice<\/em>&#8221; sono le parole di <strong>Loredana<\/strong>, le ho trascritte mentre le sedevo accanto, spaesata dalla presenza di cos\u00ec tante donne attorno a me, tutte complici, in un clima di confidenza e colori.<\/p>\n\n\n\n<p>Loredana \u00e9 l&#8217;anima del gruppo, non solo perch\u00e9 riesce sempre a far ridere, ma perch\u00e9 ha colto il senso pi\u00f9 profondo dei processi che maturano all&#8217;interno di Remida: &#8220;<em>Nella sartoria non ti senti pi\u00f9 sola e parliamoci chiaro, la solitudine \u00e8 orribile. Qui trovi una casa e capisci come stare in societ\u00e0 semplicemente attraverso gli oggetti che insieme realizziamo<\/em> <em>perch\u00e9 insieme si realizza qualcosa di meglio ed \u00e9 cos\u00ec che impari ad accogliere l&#8217;altro. E&#8217; il primo luogo di Ponticelli in cui avviene un processo costruttivo e non distruttivo<\/em>, <em>una modalit\u00e0 di relazione che esportiamo nel quartiere.&#8221;<\/em><\/p>\n\n\n\n<div class=\"wp-block-columns is-layout-flex wp-container-core-columns-is-layout-9d6595d7 wp-block-columns-is-layout-flex\">\n<div class=\"wp-block-column is-layout-flow wp-block-column-is-layout-flow\">\n<figure class=\"wp-block-image size-large\"><img loading=\"lazy\" decoding=\"async\" width=\"683\" height=\"1024\" src=\"https:\/\/www.ofpublicinterest.eu\/wp-content\/uploads\/2023\/02\/remida-110-1-683x1024.jpg\" alt=\"\" class=\"wp-image-5198\" srcset=\"https:\/\/www.ofpublicinterest.eu\/wp-content\/uploads\/2023\/02\/remida-110-1-683x1024.jpg 683w, https:\/\/www.ofpublicinterest.eu\/wp-content\/uploads\/2023\/02\/remida-110-1-200x300.jpg 200w, https:\/\/www.ofpublicinterest.eu\/wp-content\/uploads\/2023\/02\/remida-110-1-1024x1536.jpg 1024w, https:\/\/www.ofpublicinterest.eu\/wp-content\/uploads\/2023\/02\/remida-110-1.jpg 1200w\" sizes=\"auto, (max-width: 683px) 100vw, 683px\" \/><figcaption class=\"wp-element-caption\">Loredana Corcione<\/figcaption><\/figure>\n<\/div>\n\n\n\n<div class=\"wp-block-column is-layout-flow wp-block-column-is-layout-flow\">\n<figure class=\"wp-block-image size-large\"><img loading=\"lazy\" decoding=\"async\" width=\"683\" height=\"1024\" src=\"https:\/\/www.ofpublicinterest.eu\/wp-content\/uploads\/2023\/02\/remida-130-683x1024.jpg\" alt=\"\" class=\"wp-image-5201\" srcset=\"https:\/\/www.ofpublicinterest.eu\/wp-content\/uploads\/2023\/02\/remida-130-683x1024.jpg 683w, https:\/\/www.ofpublicinterest.eu\/wp-content\/uploads\/2023\/02\/remida-130-200x300.jpg 200w, https:\/\/www.ofpublicinterest.eu\/wp-content\/uploads\/2023\/02\/remida-130-1024x1536.jpg 1024w, https:\/\/www.ofpublicinterest.eu\/wp-content\/uploads\/2023\/02\/remida-130.jpg 1200w\" sizes=\"auto, (max-width: 683px) 100vw, 683px\" \/><figcaption class=\"wp-element-caption\">Borse realizzate con tessuti di cataloghi di tappezzeria<\/figcaption><\/figure>\n<\/div>\n<\/div>\n\n\n\n<div class=\"wp-block-columns is-layout-flex wp-container-core-columns-is-layout-9d6595d7 wp-block-columns-is-layout-flex\">\n<div class=\"wp-block-column is-layout-flow wp-block-column-is-layout-flow\">\n<figure class=\"wp-block-image size-large\"><img loading=\"lazy\" decoding=\"async\" width=\"683\" height=\"1024\" src=\"https:\/\/www.ofpublicinterest.eu\/wp-content\/uploads\/2023\/02\/remida-124-683x1024.jpg\" alt=\"\" class=\"wp-image-5209\" srcset=\"https:\/\/www.ofpublicinterest.eu\/wp-content\/uploads\/2023\/02\/remida-124-683x1024.jpg 683w, https:\/\/www.ofpublicinterest.eu\/wp-content\/uploads\/2023\/02\/remida-124-200x300.jpg 200w, https:\/\/www.ofpublicinterest.eu\/wp-content\/uploads\/2023\/02\/remida-124-1024x1536.jpg 1024w, https:\/\/www.ofpublicinterest.eu\/wp-content\/uploads\/2023\/02\/remida-124.jpg 1200w\" sizes=\"auto, (max-width: 683px) 100vw, 683px\" \/><\/figure>\n<\/div>\n\n\n\n<div class=\"wp-block-column is-layout-flow wp-block-column-is-layout-flow\">\n<figure class=\"wp-block-image size-large\"><img loading=\"lazy\" decoding=\"async\" width=\"683\" height=\"1024\" src=\"https:\/\/www.ofpublicinterest.eu\/wp-content\/uploads\/2023\/02\/remida-114-683x1024.jpg\" alt=\"\" class=\"wp-image-5210\" srcset=\"https:\/\/www.ofpublicinterest.eu\/wp-content\/uploads\/2023\/02\/remida-114-683x1024.jpg 683w, https:\/\/www.ofpublicinterest.eu\/wp-content\/uploads\/2023\/02\/remida-114-200x300.jpg 200w, https:\/\/www.ofpublicinterest.eu\/wp-content\/uploads\/2023\/02\/remida-114-1024x1536.jpg 1024w, https:\/\/www.ofpublicinterest.eu\/wp-content\/uploads\/2023\/02\/remida-114.jpg 1200w\" sizes=\"auto, (max-width: 683px) 100vw, 683px\" \/><\/figure>\n<\/div>\n<\/div>\n\n\n\n<p>Alla solitudine, si aggiunge l&#8217;impotenza economica. \u00c9 difficile trovare lavoro nel quartiere, \u00e9 difficile avere accesso a delle opportunit\u00e0. <strong>Assunta<\/strong> per esempio il suo lavoro l&#8217;ha perso anni fa, quando la zona di Volla, dove vive subisce un processo di industrializzazione forzata e nel giro di poco il territorio cambia morfologia. Lo spazio di terra dove coltivava assieme al marito le rose si restringe tra alte pareti di cemento, i fiori si ammalano e l&#8217;attivit\u00e0 fallisce. Da quel momento in poi resta in casa per un lungo periodo.<\/p>\n\n\n\n<p><em>&#8220;Vivevo una vita piatta, ai limiti della depressione&#8221;<\/em> racconta <em>&#8220;Cercavo corsi di cucito<\/em> <em>ed erano tutti inaccessibili dal punto di vista economico. Grazie alla sartoria ho ripreso la mia vita in mano, io che non sapevo neanche mettere un bottone, io che mi sentivo inutile. Oggi insegno ad altre donne a cucire, lo faccio nel mio quartiere, dove domina la camorra. Dove vivo fa davvero tutto paura, ma insieme, parlando tra ago e filo, ci si libera dalle paure e ci si ricarica di coraggio.&#8221;<\/em><\/p>\n\n\n\n<figure class=\"wp-block-image size-large\"><img loading=\"lazy\" decoding=\"async\" width=\"1024\" height=\"683\" src=\"https:\/\/www.ofpublicinterest.eu\/wp-content\/uploads\/2023\/02\/remida-56-1024x683.jpg\" alt=\"\" class=\"wp-image-5202\" srcset=\"https:\/\/www.ofpublicinterest.eu\/wp-content\/uploads\/2023\/02\/remida-56-1024x683.jpg 1024w, https:\/\/www.ofpublicinterest.eu\/wp-content\/uploads\/2023\/02\/remida-56-300x200.jpg 300w, https:\/\/www.ofpublicinterest.eu\/wp-content\/uploads\/2023\/02\/remida-56-270x180.jpg 270w, https:\/\/www.ofpublicinterest.eu\/wp-content\/uploads\/2023\/02\/remida-56-770x515.jpg 770w, https:\/\/www.ofpublicinterest.eu\/wp-content\/uploads\/2023\/02\/remida-56.jpg 1200w\" sizes=\"auto, (max-width: 1024px) 100vw, 1024px\" \/><figcaption class=\"wp-element-caption\">Al centro Assunta Capasso, mentre lavora le stoffe.<\/figcaption><\/figure>\n\n\n\n<p><strong>Anna<\/strong> e <strong>Paola<\/strong>, che hanno le redini del progetto, sono donne del territorio, ne conoscono le difficolt\u00e0, la durezza, le mancanze, ed \u00e9 per questo che in tutti questi anni hanno portato avanti, spesso solo con le loro forze, la gestione dell&#8217;intera attivit\u00e0.<\/p>\n\n\n\n<p><em>&#8220;Mi basta che anche una sola di loro riscopra se stessa, che viva con fiducia e speranza, per portare avanti<\/em> <em>l&#8217;iniziativa<\/em>&#8220;,  me lo dice Anna con le parole e me lo trasmette con lo sguardo.<\/p>\n\n\n\n<div class=\"wp-block-columns is-layout-flex wp-container-core-columns-is-layout-9d6595d7 wp-block-columns-is-layout-flex\">\n<div class=\"wp-block-column is-layout-flow wp-block-column-is-layout-flow\">\n<figure class=\"wp-block-image size-large\"><img loading=\"lazy\" decoding=\"async\" width=\"683\" height=\"1024\" src=\"https:\/\/www.ofpublicinterest.eu\/wp-content\/uploads\/2023\/02\/remida-88-683x1024.jpg\" alt=\"\" class=\"wp-image-5204\" srcset=\"https:\/\/www.ofpublicinterest.eu\/wp-content\/uploads\/2023\/02\/remida-88-683x1024.jpg 683w, https:\/\/www.ofpublicinterest.eu\/wp-content\/uploads\/2023\/02\/remida-88-200x300.jpg 200w, https:\/\/www.ofpublicinterest.eu\/wp-content\/uploads\/2023\/02\/remida-88-1024x1536.jpg 1024w, https:\/\/www.ofpublicinterest.eu\/wp-content\/uploads\/2023\/02\/remida-88.jpg 1200w\" sizes=\"auto, (max-width: 683px) 100vw, 683px\" \/><figcaption class=\"wp-element-caption\">Anna Marrone<\/figcaption><\/figure>\n<\/div>\n\n\n\n<div class=\"wp-block-column is-layout-flow wp-block-column-is-layout-flow\">\n<figure class=\"wp-block-image size-large\"><img loading=\"lazy\" decoding=\"async\" width=\"683\" height=\"1024\" src=\"https:\/\/www.ofpublicinterest.eu\/wp-content\/uploads\/2023\/02\/remida-81-683x1024.jpg\" alt=\"\" class=\"wp-image-5205\" srcset=\"https:\/\/www.ofpublicinterest.eu\/wp-content\/uploads\/2023\/02\/remida-81-683x1024.jpg 683w, https:\/\/www.ofpublicinterest.eu\/wp-content\/uploads\/2023\/02\/remida-81-200x300.jpg 200w, https:\/\/www.ofpublicinterest.eu\/wp-content\/uploads\/2023\/02\/remida-81-1024x1536.jpg 1024w, https:\/\/www.ofpublicinterest.eu\/wp-content\/uploads\/2023\/02\/remida-81.jpg 1200w\" sizes=\"auto, (max-width: 683px) 100vw, 683px\" \/><figcaption class=\"wp-element-caption\">Anna Marrone, accanto alla locandina del progetto.<\/figcaption><\/figure>\n<\/div>\n<\/div>\n\n\n\n<p>Non \u00e9 un&#8217;impresa semplice, soprattutto quando si hanno sogni ambiziosi. Negli anni anni sono avvenute varie collaborazioni che hanno reso Remida un incubatore di crescita professionale, dalla collaborazione con l&#8217;Universit\u00e0 di Design e Moda, ai workshop, fino al coinvolgimento di aziende ed artigiani che hanno fornito materiali di scarto, come la<strong> Moda Positano Artigianato <\/strong>e la <strong>Tessuti di Sondrio di Marzotto Lab<\/strong>.<\/p>\n\n\n\n<p>La crescita, le esperienze e l&#8217;accumulazione dei materiali di scarto, hanno poi dato forma a <strong>S&#8217;Arte<\/strong>, l&#8217;embrione di una start-up, con la quale realizzare attraverso le collaborazioni con altre aziende prodotti di vestiario e di arredamento all&#8217;interno della sartoria.<\/p>\n\n\n\n<p>Alcuni dei materiali sono stati utilizzati ad esempio per realizzare le gonne che a luglio 2021 le donne di Attaccar Bottone hanno indossato durante la sfilata organizzata presso la sede. <\/p>\n\n\n\n<figure class=\"wp-block-image size-large\"><img loading=\"lazy\" decoding=\"async\" width=\"1024\" height=\"683\" src=\"https:\/\/www.ofpublicinterest.eu\/wp-content\/uploads\/2023\/02\/remida-65-1024x683.jpg\" alt=\"\" class=\"wp-image-5215\" srcset=\"https:\/\/www.ofpublicinterest.eu\/wp-content\/uploads\/2023\/02\/remida-65-1024x683.jpg 1024w, https:\/\/www.ofpublicinterest.eu\/wp-content\/uploads\/2023\/02\/remida-65-300x200.jpg 300w, https:\/\/www.ofpublicinterest.eu\/wp-content\/uploads\/2023\/02\/remida-65-270x180.jpg 270w, https:\/\/www.ofpublicinterest.eu\/wp-content\/uploads\/2023\/02\/remida-65-770x515.jpg 770w, https:\/\/www.ofpublicinterest.eu\/wp-content\/uploads\/2023\/02\/remida-65.jpg 1200w\" sizes=\"auto, (max-width: 1024px) 100vw, 1024px\" \/><\/figure>\n\n\n\n<p>&#8220;<em>Pensa a quale sarebbe l&#8217;impatto sul territorio se questo fosse un luogo dove venire tre giorni su cinque, pensa a quali sarebbero gli effetti sulle vite di chi entra qui e ritorna a casa con una piccola quota della sua indipendenza<\/em>&#8221; afferma Anna.<\/p>\n\n\n\n<p>Una prospettiva che contribuirebbe allo sviluppo effettivo del territorio e della citt\u00e0, che per  Remida attualmente \u00e9 utopia per la complessa vicenda giuridica che coinvolge l&#8217;associazione e che la sta piegando in ginocchio.<\/p>\n\n\n\n<p>Oggi sulle spalle di chi ha la rappresentanza legale, dovrebbe ricadere un debito nei confronti del Comune di Napoli pari all&#8217;incirca a<strong> 270.000 euro<\/strong> e che cresce ulteriormente giorno dopo giorno. <\/p>\n\n\n\n<p>Il debito, come ha spiegato l&#8217;Avvocato <strong>Luigi Tancredi<\/strong>, che sta accompagnando l&#8217;associazione in questa lotta legale, \u00e9 maturato nel tempo perch\u00e9 Remida non avendo mai ricevuto negli anni un contratto di locazione ufficiale, ha pagato solo alcuni bollettini di un canone del quale non si \u00e9 mai riuscita ad ottenere una quantificazione chiara.<\/p>\n\n\n\n<p>Se dal punto di vista formale questo \u00e9 vero, lo \u00e9 altrettanto che in maniera informale, stando a quanto dichiarato dalla presidente <strong>Manfredi<\/strong>, mentre persistevano le richieste da parte dell&#8217;associazione di ottenere dei documenti, c&#8217;era sempre la porta aperta per il dialogo con Remida all&#8217;interno delle stanze comunali, al punto tale da sollecitare l&#8217;associazione a portare avanti le attivit\u00e0 nella struttura in cui gli operatori dell&#8217;associazione avevano attuato fin dal 1999 il progetto Remida nato per iniziativa del Comune.<\/p>\n\n\n\n<p>Soltanto nel 2011 arriva una delibera che affida all&#8217;associazione il bene al <strong>10%<\/strong> del suo valore di mercato. La delibera viene impugnata successivamente dalla Corte dei Conti, impedendo cosi a Remida negli anni di portare avanti altre attivit\u00e0 e progetti che prevedessero il legittimo affidamento della sede, fino all&#8217;arrivo della prima diffida di sfratto nel 2016. <\/p>\n\n\n\n<p>In seguito, il canone che assieme alla Tari accumulata negli anni, ha dato forma al debito \u00e8 stato successivamente ricalcolato con una valutazione pari al <strong>100%<\/strong> del valore, calcolato anche in base ad altri spazi all&#8217;interno della struttura che sono stati utilizzati da Remida negli anni, grazie alla cura e al lavoro, a proprie spese, che l&#8217;associazione ha messo in atto per recuperarli.<\/p>\n\n\n\n<p><em>&#8220;Noi abbiamo provato pi\u00f9 volte a parlare con il Comune<\/em>&#8221; spiega <strong>Paola<\/strong> &#8220;<em> da un punto di vista figurativo siamo abusive e morose, ma noi non ci siamo mai nascoste, abbiamo sempre richiesto un confronto con le istituzioni<\/em> <em>per poter continuare a gestire le nostre attivit\u00e0 legalmente<\/em> <em>e con un po&#8217; di serenit\u00e0<\/em>. <em>Ancora una volta<\/em>, <em>chiediamo un confronto con i tavoli istituzionali.<\/em>&#8220;<\/p>\n\n\n\n<p>Reportage fotografico a cura di Kristel Pisani Massamormile<\/p>\n","protected":false},"excerpt":{"rendered":"<p>Per lavorare nel sociale a Napoli, bisogna sudare. Ma non si suda in virt\u00f9 di una retribuzione degna del lavoro svolto, si fatica anche solo per poter realizzare e portare a termine un progetto. Capita, che al posto di un&#8217;attivit\u00e0 del terzo settore, riconosciuta e funzionale allo sviluppo di realt\u00e0 territoriali abbandonate a loro stesse,<\/p>\n","protected":false},"author":1,"featured_media":5235,"comment_status":"open","ping_status":"open","sticky":false,"template":"","format":"standard","meta":{"om_disable_all_campaigns":false,"_mi_skip_tracking":false,"_monsterinsights_sitenote_active":false,"_monsterinsights_sitenote_note":"","_monsterinsights_sitenote_category":0,"ngg_post_thumbnail":0,"footnotes":""},"categories":[1],"tags":[256,36,38,60,102,257,258,248],"class_list":{"0":"post-5177","1":"post","2":"type-post","3":"status-publish","4":"format-standard","5":"has-post-thumbnail","7":"category-reportage","8":"tag-associazioni","9":"tag-donne","10":"tag-economiacircolare","11":"tag-napoli","12":"tag-periferie","13":"tag-ponticelli","14":"tag-remida","15":"tag-sartoria"},"aioseo_notices":[],"_links":{"self":[{"href":"https:\/\/www.ofpublicinterest.eu\/index.php\/wp-json\/wp\/v2\/posts\/5177","targetHints":{"allow":["GET"]}}],"collection":[{"href":"https:\/\/www.ofpublicinterest.eu\/index.php\/wp-json\/wp\/v2\/posts"}],"about":[{"href":"https:\/\/www.ofpublicinterest.eu\/index.php\/wp-json\/wp\/v2\/types\/post"}],"author":[{"embeddable":true,"href":"https:\/\/www.ofpublicinterest.eu\/index.php\/wp-json\/wp\/v2\/users\/1"}],"replies":[{"embeddable":true,"href":"https:\/\/www.ofpublicinterest.eu\/index.php\/wp-json\/wp\/v2\/comments?post=5177"}],"version-history":[{"count":28,"href":"https:\/\/www.ofpublicinterest.eu\/index.php\/wp-json\/wp\/v2\/posts\/5177\/revisions"}],"predecessor-version":[{"id":5240,"href":"https:\/\/www.ofpublicinterest.eu\/index.php\/wp-json\/wp\/v2\/posts\/5177\/revisions\/5240"}],"wp:featuredmedia":[{"embeddable":true,"href":"https:\/\/www.ofpublicinterest.eu\/index.php\/wp-json\/wp\/v2\/media\/5235"}],"wp:attachment":[{"href":"https:\/\/www.ofpublicinterest.eu\/index.php\/wp-json\/wp\/v2\/media?parent=5177"}],"wp:term":[{"taxonomy":"category","embeddable":true,"href":"https:\/\/www.ofpublicinterest.eu\/index.php\/wp-json\/wp\/v2\/categories?post=5177"},{"taxonomy":"post_tag","embeddable":true,"href":"https:\/\/www.ofpublicinterest.eu\/index.php\/wp-json\/wp\/v2\/tags?post=5177"}],"curies":[{"name":"wp","href":"https:\/\/api.w.org\/{rel}","templated":true}]}}