{"id":7103,"date":"2024-08-02T11:05:41","date_gmt":"2024-08-02T09:05:41","guid":{"rendered":"https:\/\/www.ofpublicinterest.eu\/?p=7103"},"modified":"2024-08-02T14:45:28","modified_gmt":"2024-08-02T12:45:28","slug":"folli-pratiche-da-mettere-in-atto","status":"publish","type":"post","link":"https:\/\/www.ofpublicinterest.eu\/index.php\/2024\/08\/02\/folli-pratiche-da-mettere-in-atto\/","title":{"rendered":"Folli pratiche da mettere in atto"},"content":{"rendered":"\n<p>Ci sono cose di cui non sappiamo che fare e allora le chiudiamo in una scatola. Si tratta di ci\u00f2 a cui non sappiamo restituire un posto nel nostro mondo, che diventa facilmente archiviabile . Serve a salvaguardarci dal disordine o meglio dal caos in cui ci si imbatte quando si entra in contatto con tutto ci\u00f2 che non si identifica.<\/p>\n\n\n\n<p>Quel caos per\u00f2 a qualcuno piace portarlo per le strade e restituendo a chi ne \u00e8 travolto una gioia esplosiva. <\/p>\n\n\n\n<figure class=\"wp-block-image size-large\"><img loading=\"lazy\" decoding=\"async\" width=\"1024\" height=\"576\" src=\"https:\/\/www.ofpublicinterest.eu\/wp-content\/uploads\/2024\/07\/IMAGE-2024-07-06-205358-1024x576.jpg\" alt=\"\" class=\"wp-image-7120\" srcset=\"https:\/\/www.ofpublicinterest.eu\/wp-content\/uploads\/2024\/07\/IMAGE-2024-07-06-205358-1024x576.jpg 1024w, https:\/\/www.ofpublicinterest.eu\/wp-content\/uploads\/2024\/07\/IMAGE-2024-07-06-205358-300x169.jpg 300w, https:\/\/www.ofpublicinterest.eu\/wp-content\/uploads\/2024\/07\/IMAGE-2024-07-06-205358-1536x864.jpg 1536w\" sizes=\"auto, (max-width: 1024px) 100vw, 1024px\" \/><\/figure>\n\n\n\n<p>La <strong>Banda Basaglia<\/strong> \u00e8 nata per accogliere nella musica chiunque abbia voglia di esserne parte. Cos\u00ec come nella visione del medico psichiatra Franco Basaglia, da cui prende il nome, si \u00e8 formata per contrastare ogni forma di emarginazione e barriera sociale e per creare uno spazio di incontro attraverso la musica.<\/p>\n\n\n\n<p><em>&#8220;Esistono forme di crudelt\u00e0 inutili, che sono la manifestazione dell&#8217;uomo di relazionarsi all&#8217;altro da s\u00e9, come i manicomi.&#8221;<\/em> afferma <strong>Renato<\/strong>, psichiatra in pensione, membro della banda dal 2016 e prosegue: <em>&#8220;Noi attraverso la musica attuiamo una pratica sociale inclusiva, un&#8217;idea di libert\u00e0 che \u00e8 un impegno rispetto al pensiero basagliano volto a rompere le cornici della psichiatria, spesso trasformate in stigmi.&#8221;<\/em><\/p>\n\n\n\n<h6 class=\"wp-block-heading\"><em>&#8220;Avete mai accolto in banda una persona con disabilit\u00e0 o malattia psichica?&#8221; <\/em>domando.<\/h6>\n\n\n\n<p><em>&#8220;Non lo so, \u00e8 possibile. Non siamo soliti chiedere certificati di diagnosi a chi si avvicina a noi. Qui si accoglie senza filtri.&#8221;<\/em> risponde <strong>Elisabetta Riccardi<\/strong>, clarinetto e fondatrice della banda insieme al fratello Ciro, trombettista.<\/p>\n\n\n\n<p>Non si paga per imparare a suonare, non si paga per avere accesso ad uno strumento. Ci si incontra nelle rispettive disponibilit\u00e0 e si costruisce insieme un percorso.<\/p>\n\n\n\n<p>Cos\u00ec si pratica la relazione, quella che richiede uno sguardo sempre nuovo e libero di pregiudizi basato su una forte voglia  di stare insieme, di cui l&#8217;energia musicale \u00e8 solo il risultato finale.<\/p>\n\n\n\n<figure class=\"wp-block-image size-large\"><img loading=\"lazy\" decoding=\"async\" width=\"1024\" height=\"576\" src=\"https:\/\/www.ofpublicinterest.eu\/wp-content\/uploads\/2024\/07\/IMAGE-2024-07-31-192546-1024x576.jpg\" alt=\"\" class=\"wp-image-7171\" srcset=\"https:\/\/www.ofpublicinterest.eu\/wp-content\/uploads\/2024\/07\/IMAGE-2024-07-31-192546-1024x576.jpg 1024w, https:\/\/www.ofpublicinterest.eu\/wp-content\/uploads\/2024\/07\/IMAGE-2024-07-31-192546-300x169.jpg 300w, https:\/\/www.ofpublicinterest.eu\/wp-content\/uploads\/2024\/07\/IMAGE-2024-07-31-192546-1536x864.jpg 1536w\" sizes=\"auto, (max-width: 1024px) 100vw, 1024px\" \/><\/figure>\n\n\n\n<h6 class=\"wp-block-heading\"><em>&#8220;Si pu\u00f2 entrare in relazione con la follia, comprenderla e riconoscersi in qualche aspetto?&#8221;<\/em> domando.<\/h6>\n\n\n\n<p><em>&#8221; E altrimenti che ce ne facciamo? La chiudiamo in una scatola e ce ne dimentichiamo?<\/em>&#8221; risponde Renato e prosegue: &#8220;<em>La follia \u00e8 un condizione umana ed \u00e8 una difesa dal dolore<\/em>, se <em>si arriva ad uno stato &#8220;folle&#8221; \u00e8 perch\u00e8 quella \u00e8 l&#8217;ultima difesa. Il delirio, l&#8217;allucinazione sono spesso modi per contrastare l&#8217;istinto di morte<\/em>. <em>Ce ne possiamo prendere cura in tanti modi di tutto questo dolore. <strong>La Banda Basaglia \u00e8 la metafora di una gioia terapeutica.<\/strong>&#8220;<\/em><\/p>\n\n\n\n<p>Ma di terapie improntate all&#8217;accoglienza dell&#8217;essere umano in tutte le sue sfaccettature ce ne sono poche.<\/p>\n\n\n\n<p><em>&#8220;E&#8217; pi\u00f9 semplice contenere piuttosto che farsi carico della sofferenza&#8221;<\/em> dichiara <strong>Antonio Esposito <\/strong>ricercatore in bioetica e specializzato in salute mentale e continua<em>: &#8220;siamo una societ\u00e0 che rifiuta la complessit\u00e0 non in nome della semplicit\u00e0, ma della banalizzazione all\u2019interno della cultura in cui siamo immersi che vede al centro biologia e chimica piuttosto che considerare le componenti sociali e psicologiche che determinano l\u2019individuo. Per questo prevale l&#8217;approccio farmacologico o da manuale.&#8221;<\/em><\/p>\n\n\n\n<h6 class=\"wp-block-heading\">&#8220;Perch\u00e9 dovrebbe rappresentare un problema l&#8217;approccio farmacologico?&#8221;<\/h6>\n\n\n\n<p><em>&#8220;Non \u00e8 un problema di per s\u00e9 e in molti casi \u00e8 un approccio necessario.<\/em> <em>Ma spesso rappresenta un modo per affrontare pi\u00f9 facilmente il problema, arginarlo e non risolverlo. Il rischio \u00e8 che dimensioni sempre pi\u00f9 vaste vengano inquadrate nella patologia, magari dimensioni di disagio dovute al contesto sociale . <strong>La follia \u00e8 un&#8217;esperienza che evade la norma<\/strong>. Aspetti del nostro vissuto possono assumere o meno le connotazioni della follia sulla base di ci\u00f2 che viene considerato in quel momento storico razionale o irrazionale dalla societ\u00e0. Basti pensare alla percezione dell&#8217;omosessualit\u00e0 o all&#8217;isteria e a tutti gli internamenti che ne sono stati la conseguenza<\/em>. <em>Oggi si silenzia il sintomo nelle sue forme pi\u00f9 fastidiose, piuttosto che accogliere le differenze.<\/em> <em>Basti considerare che in Italia si investe il 3% della spesa sanitaria nella cura psichiatrica<\/em>,<em> laddove<\/em> <em>ci vorrebbero una pluralit\u00e0 di figure specializzate per andare oltre il manuale, ma soprattutto si dovrebbe fare prevenzione<\/em> <em>attraverso<\/em> <em>il contesto sociale.&#8221;<\/em><\/p>\n\n\n\n<p>La prevenzione si basa in parte sulla <strong>pratica della differenza<\/strong>,  che consente ad ogni singolarit\u00e0 di emergere all&#8217;interno di legami relazionali e sociali. Ne deriva come conseguenza che la posizione della Banda Basaglia, con le sue forme di libert\u00e0 applicate in ogni aspetto della gestione del complesso musicale, sia una posizione politica.<\/p>\n\n\n\n<figure class=\"wp-block-image size-large\"><img loading=\"lazy\" decoding=\"async\" width=\"1024\" height=\"576\" src=\"https:\/\/www.ofpublicinterest.eu\/wp-content\/uploads\/2024\/08\/WhatsApp-Image-2024-08-02-at-11.02.54-1024x576.jpeg\" alt=\"\" class=\"wp-image-7192\" srcset=\"https:\/\/www.ofpublicinterest.eu\/wp-content\/uploads\/2024\/08\/WhatsApp-Image-2024-08-02-at-11.02.54-1024x576.jpeg 1024w, https:\/\/www.ofpublicinterest.eu\/wp-content\/uploads\/2024\/08\/WhatsApp-Image-2024-08-02-at-11.02.54-300x169.jpeg 300w, https:\/\/www.ofpublicinterest.eu\/wp-content\/uploads\/2024\/08\/WhatsApp-Image-2024-08-02-at-11.02.54-1536x864.jpeg 1536w\" sizes=\"auto, (max-width: 1024px) 100vw, 1024px\" \/><\/figure>\n\n\n\n<p><em>&#8220;Abbiamo creato un luogo di incontro dove tutti hanno diritto di essere. Siamo talmente lontani da ci\u00f2 che abbiamo attorno a noi, che sembra quasi una dimensione onirica, una fuga dalla realt\u00e0.&#8221; <\/em>afferma <strong>Renato<\/strong>.<\/p>\n\n\n\n<p>E cos\u00ec come la Banda Basaglia, altre realt\u00e0 musicali attraverso gli strumenti attuano forme di partecipazione e prendono posizioni politiche. Lo abbiamo visto ad inizio giugno, quando otto bande italiane ed europee sono confluite a Napoli in occasione del centenario di Franco Basaglia, suonando insieme per le strade della citt\u00e0 e dando forma a Sbandanapoli, l&#8217;evento nato da un&#8217;iniziativa iniziativa di <strong>Bruno Esposito<\/strong>, trombettista e membro della Banda Basaglia dal 2016.<\/p>\n\n\n\n<p>Dopo aver ricostruito un nuovo <strong>Marco Cavallo<\/strong>, la struttura in legno e in cartapesta, metafora di utopia e liberazione attraverso la partecipazione del Carnevale di Montesanto e di vari laboratori sociali, le bande si sono riversate per le strade di Napoli e si sono esibite presso lo Scugnizzo Liberato creando un momento di grande partecipazione in citt\u00e0.<\/p>\n\n\n\n<p>L&#8217;evento ha rappresentato l&#8217;occasione per riflettere sul tema della salute mentale e sull&#8217;approccio dogmatico e carente del sistema sanitario ripercorrendo il pensiero di Basaglia e il suo legame con lo psichiatra Sergio Piro, attraverso le parole di <strong>Antonio Esposito, Teresa Capocchione, Dario Stefano Dell&#8217;Aquila <\/strong>ed<strong> Elisabetta Riccardi<\/strong>.<\/p>\n\n\n\n<figure class=\"wp-block-image size-large\"><img loading=\"lazy\" decoding=\"async\" width=\"1024\" height=\"534\" src=\"https:\/\/www.ofpublicinterest.eu\/wp-content\/uploads\/2024\/08\/WhatsApp-Image-2024-08-01-at-01.13.20-1024x534.jpeg\" alt=\"\" class=\"wp-image-7191\" srcset=\"https:\/\/www.ofpublicinterest.eu\/wp-content\/uploads\/2024\/08\/WhatsApp-Image-2024-08-01-at-01.13.20-1024x534.jpeg 1024w, https:\/\/www.ofpublicinterest.eu\/wp-content\/uploads\/2024\/08\/WhatsApp-Image-2024-08-01-at-01.13.20-300x156.jpeg 300w, https:\/\/www.ofpublicinterest.eu\/wp-content\/uploads\/2024\/08\/WhatsApp-Image-2024-08-01-at-01.13.20-1536x801.jpeg 1536w\" sizes=\"auto, (max-width: 1024px) 100vw, 1024px\" \/><\/figure>\n\n\n\n<p>Hanno aderito all&#8217;iniziativa:<strong> la Scalzabanda di Napoli, la Fanfarona e la Titubanda di Roma, i Fiati Sprecati di Firenze, la Strampalabanda di Torino, gli Ottoni a scoppio di Milano e i Fiattelle Brass Tiraden di Dresda.<\/strong><\/p>\n\n\n\n<p>Per scoprire Sbandanapoli guarda il  video reportage a cura di Nina Jotti:<\/p>\n\n\n\n<figure class=\"wp-block-embed is-type-video is-provider-youtube wp-block-embed-youtube wp-embed-aspect-16-9 wp-has-aspect-ratio\"><div class=\"wp-block-embed__wrapper\">\n<iframe loading=\"lazy\" title=\"Folli pratiche da mettere in atto\" width=\"770\" height=\"433\" src=\"https:\/\/www.youtube.com\/embed\/3A_JBmizL0g?feature=oembed\" frameborder=\"0\" allow=\"accelerometer; autoplay; clipboard-write; encrypted-media; gyroscope; picture-in-picture; web-share\" referrerpolicy=\"strict-origin-when-cross-origin\" allowfullscreen><\/iframe>\n<\/div><\/figure>\n\n\n\n<p>Questo testo \u00e8 stato scritto con il supporto delle interviste di <strong>Gina Muoio<\/strong>, tirocinante della testata.<\/p>\n\n\n\n<p>*Le immagini nel testo sono frame del reportage.<\/p>\n","protected":false},"excerpt":{"rendered":"<p>Ci sono cose di cui non sappiamo che fare e allora le chiudiamo in una scatola. Si tratta di ci\u00f2 a cui non sappiamo restituire un posto nel nostro mondo, che diventa facilmente archiviabile . Serve a salvaguardarci dal disordine o meglio dal caos in cui ci si imbatte quando si entra in contatto con<\/p>\n","protected":false},"author":1,"featured_media":7192,"comment_status":"open","ping_status":"open","sticky":false,"template":"","format":"standard","meta":{"om_disable_all_campaigns":false,"_mi_skip_tracking":false,"_monsterinsights_sitenote_active":false,"_monsterinsights_sitenote_note":"","_monsterinsights_sitenote_category":0,"ngg_post_thumbnail":0,"footnotes":""},"categories":[1],"tags":[940,938,693,60,936,942],"class_list":{"0":"post-7103","1":"post","2":"type-post","3":"status-publish","4":"format-standard","5":"has-post-thumbnail","7":"category-reportage","8":"tag-bande","9":"tag-basaglia","10":"tag-musica","11":"tag-napoli","12":"tag-salutementale","13":"tag-sbandanapoli"},"aioseo_notices":[],"_links":{"self":[{"href":"https:\/\/www.ofpublicinterest.eu\/index.php\/wp-json\/wp\/v2\/posts\/7103","targetHints":{"allow":["GET"]}}],"collection":[{"href":"https:\/\/www.ofpublicinterest.eu\/index.php\/wp-json\/wp\/v2\/posts"}],"about":[{"href":"https:\/\/www.ofpublicinterest.eu\/index.php\/wp-json\/wp\/v2\/types\/post"}],"author":[{"embeddable":true,"href":"https:\/\/www.ofpublicinterest.eu\/index.php\/wp-json\/wp\/v2\/users\/1"}],"replies":[{"embeddable":true,"href":"https:\/\/www.ofpublicinterest.eu\/index.php\/wp-json\/wp\/v2\/comments?post=7103"}],"version-history":[{"count":34,"href":"https:\/\/www.ofpublicinterest.eu\/index.php\/wp-json\/wp\/v2\/posts\/7103\/revisions"}],"predecessor-version":[{"id":7197,"href":"https:\/\/www.ofpublicinterest.eu\/index.php\/wp-json\/wp\/v2\/posts\/7103\/revisions\/7197"}],"wp:featuredmedia":[{"embeddable":true,"href":"https:\/\/www.ofpublicinterest.eu\/index.php\/wp-json\/wp\/v2\/media\/7192"}],"wp:attachment":[{"href":"https:\/\/www.ofpublicinterest.eu\/index.php\/wp-json\/wp\/v2\/media?parent=7103"}],"wp:term":[{"taxonomy":"category","embeddable":true,"href":"https:\/\/www.ofpublicinterest.eu\/index.php\/wp-json\/wp\/v2\/categories?post=7103"},{"taxonomy":"post_tag","embeddable":true,"href":"https:\/\/www.ofpublicinterest.eu\/index.php\/wp-json\/wp\/v2\/tags?post=7103"}],"curies":[{"name":"wp","href":"https:\/\/api.w.org\/{rel}","templated":true}]}}