{"id":7530,"date":"2025-01-27T12:49:31","date_gmt":"2025-01-27T11:49:31","guid":{"rendered":"https:\/\/www.ofpublicinterest.eu\/?p=7530"},"modified":"2025-01-27T12:51:17","modified_gmt":"2025-01-27T11:51:17","slug":"che-cosa-significa-cura-il-progetto-radicale-di-villa-medusa","status":"publish","type":"post","link":"https:\/\/www.ofpublicinterest.eu\/index.php\/2025\/01\/27\/che-cosa-significa-cura-il-progetto-radicale-di-villa-medusa\/","title":{"rendered":"Che cosa significa cura? Il progetto radicale di Villa Medusa"},"content":{"rendered":"\n<p>In un sistema economico e sociale dominato dalla logica del profitto, dall\u2019obsolescenza programmata di oggetti e persone, dove anche la salute \u00e8 piegata alle necessit\u00e0 di mercato, la cura diventa <strong>un progetto radicale<\/strong>. La cura come processo pi\u00f9 che come fine, uno sforzo continuo per migliorare le condizioni fisiche, emotive, sociali dell\u2019individuo all\u2019interno della societ\u00e0 e dell\u2019ambiente, \u00e8 la missione dell&#8217;<strong>ambulatorio popolare di Villa Medusa.<\/strong><\/p>\n\n\n\n<figure class=\"wp-block-image size-large\"><img loading=\"lazy\" decoding=\"async\" width=\"1024\" height=\"683\" src=\"https:\/\/www.ofpublicinterest.eu\/wp-content\/uploads\/2025\/01\/10-1024x683.jpg\" alt=\"\" class=\"wp-image-7543\" srcset=\"https:\/\/www.ofpublicinterest.eu\/wp-content\/uploads\/2025\/01\/10-1024x683.jpg 1024w, https:\/\/www.ofpublicinterest.eu\/wp-content\/uploads\/2025\/01\/10-300x200.jpg 300w, https:\/\/www.ofpublicinterest.eu\/wp-content\/uploads\/2025\/01\/10-270x180.jpg 270w, https:\/\/www.ofpublicinterest.eu\/wp-content\/uploads\/2025\/01\/10-770x515.jpg 770w, https:\/\/www.ofpublicinterest.eu\/wp-content\/uploads\/2025\/01\/10.jpg 1200w\" sizes=\"auto, (max-width: 1024px) 100vw, 1024px\" \/><figcaption class=\"wp-element-caption\">Ingresso di Villa Medusa<\/figcaption><\/figure>\n\n\n\n<h2 class=\"wp-block-heading\">Quali sono le pratiche di cura a Villa Medusa?<\/h2>\n\n\n\n<p>\u201c<em>Villa Medusa \u00e8 gi\u00e0 la cura<\/em>\u201d racconta Walter, psicologo psicoterapeuta dello sportello <strong>ReciprocaMente<\/strong> \u201c<em>\u00e8 un tentativo costante di creare nuove socialit\u00e0, di prenderci cura della comunit\u00e0, affrontando insieme le difficolt\u00e0 che si presentano<\/em>\u201d.  Uno spazio di legami, che impegnano gli attivisti dell&#8217;ambulatorio fisicamente ed emotivamente, andando ben oltre la cura della malattia.<\/p>\n\n\n\n<p>Da 12 anni la comunit\u00e0 di Villa Medusa, spazio liberato e diventato \u201c<em>casa del popolo<\/em>\u201d, accoglie le esigenze degli abitanti del quartiere di Bagnoli. Dagli anziani, ai giovani, agli studenti, la Villa situata in area flegrea \u00e8 diventata la cura per un quartiere afflitto dall\u2019incuria istituzionale.<\/p>\n\n\n\n<p><em>\u201cDi fronte al rischio della svendita che sarebbe stata approvata eventualmente dal Comune di Napoli, abbiamo deciso di occupare Villa Medusa. Da l\u00ec in poi \u00e8 nato un percorso di costruzione di una comunit\u00e0 legata ai bisogni del quartiere, a partire dal ripristino delle attivit\u00e0 per gli anziani, destinazione d&#8217;uso originale di Villa Medusa.\u201d<\/em> racconta Walter.<\/p>\n\n\n\n<figure class=\"wp-block-image size-large\"><img loading=\"lazy\" decoding=\"async\" width=\"1024\" height=\"683\" src=\"https:\/\/www.ofpublicinterest.eu\/wp-content\/uploads\/2025\/01\/1-1024x683.jpg\" alt=\"\" class=\"wp-image-7545\" srcset=\"https:\/\/www.ofpublicinterest.eu\/wp-content\/uploads\/2025\/01\/1-1024x683.jpg 1024w, https:\/\/www.ofpublicinterest.eu\/wp-content\/uploads\/2025\/01\/1-300x200.jpg 300w, https:\/\/www.ofpublicinterest.eu\/wp-content\/uploads\/2025\/01\/1-270x180.jpg 270w, https:\/\/www.ofpublicinterest.eu\/wp-content\/uploads\/2025\/01\/1-770x515.jpg 770w, https:\/\/www.ofpublicinterest.eu\/wp-content\/uploads\/2025\/01\/1.jpg 1200w\" sizes=\"auto, (max-width: 1024px) 100vw, 1024px\" \/><figcaption class=\"wp-element-caption\">Walter Iannuzzi nel cortile di Villa Medusa<\/figcaption><\/figure>\n\n\n\n<p>Conosciamo bene la storia dell\u2019ex-acciaieria, della chiusura negli anni \u201890 e dell\u2019eterna storia della mai compiuta bonifica dell\u2019area industriale. \u201c<em>Un deserto post-industriale<\/em>\u201d, come lo definisce Walter, per descrivere non solo lo spazio vuoto e abbandonato dell\u2019ex-fabbrica, ma anche il quartiere che ha perso il lavoro e la salute, insieme alla propria identit\u00e0.<\/p>\n\n\n\n<h2 class=\"wp-block-heading\">Ma Villa Medusa restituisce dignit\u00e0 al territorio.<\/h2>\n\n\n\n<p>\u00c8 proprio dalla lotta per la bonifica che rinasce l\u2019anima politica di Bagnoli. Come Walter racconta gi\u00e0 dagli anni \u201850 l\u2019Ilva e poi l\u2019Italsider sono un campo di battaglia per i lavoratori che portano avanti un&#8217;idea chiara: &#8220;<strong>non vogliamo scegliere tra salute e lavoro, vogliamo tutto<\/strong>.&#8221;<\/p>\n\n\n\n<p>E vogliono tutto anche i ragazzi di Villa Medusa. Dal 2019 apre il primo sportello, quello psicologico. ReciprocaMente nasce dall&#8217;iniziativa di 5 psicologi e psicologhe del territorio, che risponde al bisogno di cura espresso da moltissimi, in particolare giovani.<\/p>\n\n\n\n<figure class=\"wp-block-image size-large\"><img loading=\"lazy\" decoding=\"async\" width=\"1024\" height=\"683\" src=\"https:\/\/www.ofpublicinterest.eu\/wp-content\/uploads\/2025\/01\/6-1-1024x683.jpg\" alt=\"\" class=\"wp-image-7552\" srcset=\"https:\/\/www.ofpublicinterest.eu\/wp-content\/uploads\/2025\/01\/6-1-1024x683.jpg 1024w, https:\/\/www.ofpublicinterest.eu\/wp-content\/uploads\/2025\/01\/6-1-300x200.jpg 300w, https:\/\/www.ofpublicinterest.eu\/wp-content\/uploads\/2025\/01\/6-1-270x180.jpg 270w, https:\/\/www.ofpublicinterest.eu\/wp-content\/uploads\/2025\/01\/6-1-770x515.jpg 770w, https:\/\/www.ofpublicinterest.eu\/wp-content\/uploads\/2025\/01\/6-1.jpg 1200w\" sizes=\"auto, (max-width: 1024px) 100vw, 1024px\" \/><figcaption class=\"wp-element-caption\">Attivisti di Villa Medusa <\/figcaption><\/figure>\n\n\n\n<p>Lo scopo dello sportello non \u00e8 quello di sostituire l\u2019istituzione, quanto quello di orientare i pazienti a trovare un percorso di cura all\u2019interno della sanit\u00e0 pubblica. \u201c<em>All&#8217;interno della sanit\u00e0 pubblica \u00e8 possibile effettuare percorsi di cura per quanto riguarda la salute mentale. Questi per\u00f2 sono spesso sconosciuti cos\u00ec come l&#8217;iter per accedervi. Devi andare dal medico di base, farti dare una ricetta, chiedere informazioni, fare una prenotazione, fare una visita di controllo\u2026 \u00e8 quasi un percorso a ostacoli. Noi abbiamo attivato un servizio a soglia zero non c&#8217;\u00e8 bisogno di prenotazione. Dopo una prima chiacchiera, garantiamo un percorso di quattro incontri all&#8217;interno del quale  seguiamo la persona in sofferenza e poi la indirizziamo ai servizi pubblici<\/em>.\u201d spiega Walter.<\/p>\n\n\n\n<blockquote class=\"wp-block-quote is-layout-flow wp-block-quote-is-layout-flow\">\n<p>\u201cQuesto si interseca con una battaglia che per noi \u00e8 fondamentale, la battaglia per rivendicare una sanit\u00e0 territoriale e per avere un miglioramento effettivo della sanit\u00e0 pubblica sul territorio\u201d<\/p>\n<\/blockquote>\n\n\n\n<p>Dal 2023 lo sportello psicologico \u00e8 stato assorbito dalla struttura pi\u00f9 ampia dell\u2019<strong>ambulatorio popolare<\/strong>, che include screening di base e ginecologico. Ad oggi l\u2019ambulatorio popolare \u00e8 un \u201cpresidio di salute accessibile a tutti\/e, in cui poter usufruire di visite gratuite,\u00a0 di un servizio di orientamento nella sanit\u00e0 pubblica, di informazione, formazione e dibattiti\u201d.<\/p>\n\n\n\n<figure class=\"wp-block-image size-large\"><img loading=\"lazy\" decoding=\"async\" width=\"1024\" height=\"683\" src=\"https:\/\/www.ofpublicinterest.eu\/wp-content\/uploads\/2025\/01\/5-1024x683.jpg\" alt=\"\" class=\"wp-image-7556\" srcset=\"https:\/\/www.ofpublicinterest.eu\/wp-content\/uploads\/2025\/01\/5-1024x683.jpg 1024w, https:\/\/www.ofpublicinterest.eu\/wp-content\/uploads\/2025\/01\/5-300x200.jpg 300w, https:\/\/www.ofpublicinterest.eu\/wp-content\/uploads\/2025\/01\/5-270x180.jpg 270w, https:\/\/www.ofpublicinterest.eu\/wp-content\/uploads\/2025\/01\/5-770x515.jpg 770w, https:\/\/www.ofpublicinterest.eu\/wp-content\/uploads\/2025\/01\/5.jpg 1200w\" sizes=\"auto, (max-width: 1024px) 100vw, 1024px\" \/><figcaption class=\"wp-element-caption\">Sala d&#8217;attesa dell&#8217;ambulatorio popolare<\/figcaption><\/figure>\n\n\n\n<p>L\u2019ambulatorio popolare di Villa Medusa si pone <strong>un obiettivo radicale<\/strong>: quello di fornire una cura olistica che includa un&#8217;analisi e un supporto alle condizioni sociali che incidono sulla salute. <\/p>\n\n\n\n<blockquote class=\"wp-block-quote is-layout-flow wp-block-quote-is-layout-flow\">\n<p>\u201cPer quanto ci riguarda, la cura \u00e8 anche la costruzione di queste relazioni costanti e collettive, la presa in carico complessiva dei bisogni delle persone, sociali e fisici. Non solamente una salute fisica, ma anche legata al soddisfacimento dei bisogni sociali, a cui una persona ha diritto che includono il trasporto pubblico gratuito, l&#8217;istruzione, l&#8217;attivit\u00e0 di svago, e via dicendo.\u201d&nbsp;<\/p>\n<\/blockquote>\n\n\n\n<figure class=\"wp-block-image size-large\"><img loading=\"lazy\" decoding=\"async\" width=\"1024\" height=\"683\" src=\"https:\/\/www.ofpublicinterest.eu\/wp-content\/uploads\/2025\/01\/9-1024x683.jpg\" alt=\"\" class=\"wp-image-7559\" srcset=\"https:\/\/www.ofpublicinterest.eu\/wp-content\/uploads\/2025\/01\/9-1024x683.jpg 1024w, https:\/\/www.ofpublicinterest.eu\/wp-content\/uploads\/2025\/01\/9-300x200.jpg 300w, https:\/\/www.ofpublicinterest.eu\/wp-content\/uploads\/2025\/01\/9-270x180.jpg 270w, https:\/\/www.ofpublicinterest.eu\/wp-content\/uploads\/2025\/01\/9-770x515.jpg 770w, https:\/\/www.ofpublicinterest.eu\/wp-content\/uploads\/2025\/01\/9.jpg 1200w\" sizes=\"auto, (max-width: 1024px) 100vw, 1024px\" \/><figcaption class=\"wp-element-caption\">Guglielmo Scala, attivista allergologo di Villa Medusa<\/figcaption><\/figure>\n\n\n\n<figure class=\"wp-block-image size-large\"><img loading=\"lazy\" decoding=\"async\" width=\"1024\" height=\"683\" src=\"https:\/\/www.ofpublicinterest.eu\/wp-content\/uploads\/2025\/01\/4-1024x683.jpg\" alt=\"\" class=\"wp-image-7560\" srcset=\"https:\/\/www.ofpublicinterest.eu\/wp-content\/uploads\/2025\/01\/4-1024x683.jpg 1024w, https:\/\/www.ofpublicinterest.eu\/wp-content\/uploads\/2025\/01\/4-300x200.jpg 300w, https:\/\/www.ofpublicinterest.eu\/wp-content\/uploads\/2025\/01\/4-270x180.jpg 270w, https:\/\/www.ofpublicinterest.eu\/wp-content\/uploads\/2025\/01\/4-770x515.jpg 770w, https:\/\/www.ofpublicinterest.eu\/wp-content\/uploads\/2025\/01\/4.jpg 1200w\" sizes=\"auto, (max-width: 1024px) 100vw, 1024px\" \/><figcaption class=\"wp-element-caption\">Mariarosaria Beneduce, nutrizionista volontaria dell&#8217;ambulatorio<\/figcaption><\/figure>\n\n\n\n<p>Su questa linea, Villa Medusa procede alla <strong>mappatura dei bisogni del quartiere <\/strong>attraverso inchieste e questionari che poi vengono trasformati in azioni tese a mettere in crisi e migliorare il sistema di salute pubblico. Si conduce dunque sia un&#8217;azione rivendicativa, come nel caso degli scioperi organizzati con i sindacati per la riapertura di un polo di salute locale &#8211; nell\u2019edificio dell&#8217;ex-consultorio di Bagnoli &#8211; , che la costruzione di realt\u00e0 alternative.<\/p>\n\n\n\n<p><strong>La difficolt\u00e0 di accesso alla cura dentistica \u00e8 emersa proprio dai questionari<\/strong>: attese lunghissime e costi estremamente alti rendono praticamente impossibile accedere al servizio odontoiatrico pubblico.  Chi se lo pu\u00f2 permettere si rivolge ai privati, l\u2019ambulatorio popolare di Villa Medusa lancia una sfida: <strong>consentire a chiunque di accedere a cure dentistiche dignitose.<\/strong><\/p>\n\n\n\n<h2 class=\"wp-block-heading\">Oggi l\u2019obiettivo \u00e8 raccogliere donazioni per costruire uno studio dentistico popolare.<\/h2>\n\n\n\n<p>Fino a <strong>domenica 9 febbraio<\/strong> \u00e8 attivo il crowdfunding che permetter\u00e0 a Villa Medusa di ristrutturare l\u2019ambulatorio, dotandolo di un rivestimento di PVC che rispetta le norme sanitarie, con attrezzatura odontoiatrica e adeguamento del sistema elettrico. Modifiche necessarie perch\u00e9 l\u2019ambulatorio possa continuare a reinventare radicalmente la cura.<\/p>\n\n\n\n<figure class=\"wp-block-image size-large\"><img loading=\"lazy\" decoding=\"async\" width=\"1024\" height=\"683\" src=\"https:\/\/www.ofpublicinterest.eu\/wp-content\/uploads\/2025\/01\/7-1024x683.jpg\" alt=\"\" class=\"wp-image-7563\" srcset=\"https:\/\/www.ofpublicinterest.eu\/wp-content\/uploads\/2025\/01\/7-1024x683.jpg 1024w, https:\/\/www.ofpublicinterest.eu\/wp-content\/uploads\/2025\/01\/7-300x200.jpg 300w, https:\/\/www.ofpublicinterest.eu\/wp-content\/uploads\/2025\/01\/7-270x180.jpg 270w, https:\/\/www.ofpublicinterest.eu\/wp-content\/uploads\/2025\/01\/7-770x515.jpg 770w, https:\/\/www.ofpublicinterest.eu\/wp-content\/uploads\/2025\/01\/7.jpg 1200w\" sizes=\"auto, (max-width: 1024px) 100vw, 1024px\" \/><figcaption class=\"wp-element-caption\">Murale nella biblioteca per bambini<\/figcaption><\/figure>\n\n\n\n<figure class=\"wp-block-image size-large\"><img loading=\"lazy\" decoding=\"async\" width=\"1024\" height=\"684\" src=\"https:\/\/www.ofpublicinterest.eu\/wp-content\/uploads\/2025\/01\/8-1-1024x684.jpg\" alt=\"\" class=\"wp-image-7566\" srcset=\"https:\/\/www.ofpublicinterest.eu\/wp-content\/uploads\/2025\/01\/8-1-1024x684.jpg 1024w, https:\/\/www.ofpublicinterest.eu\/wp-content\/uploads\/2025\/01\/8-1-300x200.jpg 300w, https:\/\/www.ofpublicinterest.eu\/wp-content\/uploads\/2025\/01\/8-1-270x180.jpg 270w, https:\/\/www.ofpublicinterest.eu\/wp-content\/uploads\/2025\/01\/8-1-770x515.jpg 770w, https:\/\/www.ofpublicinterest.eu\/wp-content\/uploads\/2025\/01\/8-1.jpg 1200w\" sizes=\"auto, (max-width: 1024px) 100vw, 1024px\" \/><\/figure>\n\n\n\n<p>\u201cFin dai volantini con cui lanciavamo il progetto dello sportello affermavano che Villa Medusa fosse gi\u00e0 la cura. Puoi trovarti a Villa Medusa con l&#8217;assemblea dei disoccupati organizzati, con il gruppo ballo fatto dagli anziani del quartiere, con i bambini che autoproducono la biblioteca, il falegname che nel frattempo sta facendo l&#8217;attivit\u00e0 per poter costruire nuovi tavoli. <strong>\u00c8 il microcosmo che si respira Villa Medusa ad essere speciale e che la fa essere una proiezione di ci\u00f2 che una societ\u00e0 della cura pu\u00f2 essere<\/strong>.\u201d\u00a0<\/p>\n\n\n\n<h2 class=\"wp-block-heading\">Prenditi cura di Villa Medusa! <a href=\"https:\/\/www.produzionidalbasso.com\/project\/dona-uno-sportello-odontoiatrico-all-ambulatorio-popolare-di-villa-medusa\/\" title=\"Clicca qui\">Clicca qui<\/a><\/h2>\n\n\n\n<figure class=\"wp-block-image size-large\"><img loading=\"lazy\" decoding=\"async\" width=\"1200\" height=\"800\" src=\"https:\/\/www.ofpublicinterest.eu\/wp-content\/uploads\/2025\/01\/3-1024x683.jpg\" alt=\"\" class=\"wp-image-7565\" srcset=\"https:\/\/www.ofpublicinterest.eu\/wp-content\/uploads\/2025\/01\/3-1024x683.jpg 1024w, https:\/\/www.ofpublicinterest.eu\/wp-content\/uploads\/2025\/01\/3-300x200.jpg 300w, https:\/\/www.ofpublicinterest.eu\/wp-content\/uploads\/2025\/01\/3-270x180.jpg 270w, https:\/\/www.ofpublicinterest.eu\/wp-content\/uploads\/2025\/01\/3.jpg 1200w\" sizes=\"auto, (max-width: 1200px) 100vw, 1200px\" \/><figcaption class=\"wp-element-caption\">Villa Medusa<\/figcaption><\/figure>\n\n\n\n<p>Reportage a cura di <strong>Jacopo Cataldo<\/strong>.<\/p>\n","protected":false},"excerpt":{"rendered":"<p>In un sistema economico e sociale dominato dalla logica del profitto, dall\u2019obsolescenza programmata di oggetti e persone, dove anche la salute \u00e8 piegata alle necessit\u00e0 di mercato, la cura diventa un progetto radicale. La cura come processo pi\u00f9 che come fine, uno sforzo continuo per migliorare le condizioni fisiche, emotive, sociali dell\u2019individuo all\u2019interno della societ\u00e0<\/p>\n","protected":false},"author":12,"featured_media":7568,"comment_status":"open","ping_status":"open","sticky":false,"template":"","format":"standard","meta":{"om_disable_all_campaigns":false,"_mi_skip_tracking":false,"_monsterinsights_sitenote_active":false,"_monsterinsights_sitenote_note":"","_monsterinsights_sitenote_category":0,"ngg_post_thumbnail":0,"footnotes":""},"categories":[1],"tags":[1142,1144,292,60,1140],"class_list":{"0":"post-7530","1":"post","2":"type-post","3":"status-publish","4":"format-standard","5":"has-post-thumbnail","7":"category-reportage","8":"tag-ambulatoriopopolare","9":"tag-bagnoli","10":"tag-cura","11":"tag-napoli","12":"tag-villamedusa"},"aioseo_notices":[],"_links":{"self":[{"href":"https:\/\/www.ofpublicinterest.eu\/index.php\/wp-json\/wp\/v2\/posts\/7530","targetHints":{"allow":["GET"]}}],"collection":[{"href":"https:\/\/www.ofpublicinterest.eu\/index.php\/wp-json\/wp\/v2\/posts"}],"about":[{"href":"https:\/\/www.ofpublicinterest.eu\/index.php\/wp-json\/wp\/v2\/types\/post"}],"author":[{"embeddable":true,"href":"https:\/\/www.ofpublicinterest.eu\/index.php\/wp-json\/wp\/v2\/users\/12"}],"replies":[{"embeddable":true,"href":"https:\/\/www.ofpublicinterest.eu\/index.php\/wp-json\/wp\/v2\/comments?post=7530"}],"version-history":[{"count":14,"href":"https:\/\/www.ofpublicinterest.eu\/index.php\/wp-json\/wp\/v2\/posts\/7530\/revisions"}],"predecessor-version":[{"id":7567,"href":"https:\/\/www.ofpublicinterest.eu\/index.php\/wp-json\/wp\/v2\/posts\/7530\/revisions\/7567"}],"wp:featuredmedia":[{"embeddable":true,"href":"https:\/\/www.ofpublicinterest.eu\/index.php\/wp-json\/wp\/v2\/media\/7568"}],"wp:attachment":[{"href":"https:\/\/www.ofpublicinterest.eu\/index.php\/wp-json\/wp\/v2\/media?parent=7530"}],"wp:term":[{"taxonomy":"category","embeddable":true,"href":"https:\/\/www.ofpublicinterest.eu\/index.php\/wp-json\/wp\/v2\/categories?post=7530"},{"taxonomy":"post_tag","embeddable":true,"href":"https:\/\/www.ofpublicinterest.eu\/index.php\/wp-json\/wp\/v2\/tags?post=7530"}],"curies":[{"name":"wp","href":"https:\/\/api.w.org\/{rel}","templated":true}]}}