{"id":7734,"date":"2025-03-23T17:20:07","date_gmt":"2025-03-23T16:20:07","guid":{"rendered":"https:\/\/www.ofpublicinterest.eu\/?p=7734"},"modified":"2025-03-23T17:25:33","modified_gmt":"2025-03-23T16:25:33","slug":"la-vulnerabilita-di-bagnoli-in-piazza","status":"publish","type":"post","link":"https:\/\/www.ofpublicinterest.eu\/index.php\/2025\/03\/23\/la-vulnerabilita-di-bagnoli-in-piazza\/","title":{"rendered":"La vulnerabilit\u00e0 di Bagnoli in piazza"},"content":{"rendered":"\n<p>Notti insonni, domande, insicurezze, un profondo disorientamento e la consapevolezza che l&#8217;abbandono da parte delle istituzioni abbia una storicit\u00e0 in questa citt\u00e0 e, di fatto, un&#8217;alta probabilit\u00e0 di ripetersi. Tra l&#8217;imprevedibilit\u00e0 di una scossa e di quella successiva, tra rabbia e confusione, i cittadini si sono mobilitati. <\/p>\n\n\n\n<figure class=\"wp-block-image size-large\"><img loading=\"lazy\" decoding=\"async\" width=\"1024\" height=\"682\" src=\"https:\/\/www.ofpublicinterest.eu\/wp-content\/uploads\/2025\/03\/1742673747940-1024x682.jpg\" alt=\"\" class=\"wp-image-7741\" srcset=\"https:\/\/www.ofpublicinterest.eu\/wp-content\/uploads\/2025\/03\/1742673747940-1024x682.jpg 1024w, https:\/\/www.ofpublicinterest.eu\/wp-content\/uploads\/2025\/03\/1742673747940-300x200.jpg 300w, https:\/\/www.ofpublicinterest.eu\/wp-content\/uploads\/2025\/03\/1742673747940-1536x1023.jpg 1536w, https:\/\/www.ofpublicinterest.eu\/wp-content\/uploads\/2025\/03\/1742673747940-270x180.jpg 270w, https:\/\/www.ofpublicinterest.eu\/wp-content\/uploads\/2025\/03\/1742673747940-370x245.jpg 370w, https:\/\/www.ofpublicinterest.eu\/wp-content\/uploads\/2025\/03\/1742673747940.jpg 1621w\" sizes=\"auto, (max-width: 1024px) 100vw, 1024px\" \/><\/figure>\n\n\n\n<h2 class=\"wp-block-heading\">Nasce l&#8217;assemblea popolare<\/h2>\n\n\n\n<p>L&#8217; <strong>assemblea popolare di Bagnoli e dei Campi Flegrei<\/strong> si \u00e8 costituita spontaneamente dopo la scossa di magnitudo di 4.6 nella notte del 13 marzo, grazie ai centri sociali <a href=\"https:\/\/www.ofpublicinterest.eu\/index.php\/2025\/01\/27\/che-cosa-significa-cura-il-progetto-radicale-di-villa-medusa\/\" title=\"\">Villa Medusa<\/a> e il collettivo Iskra.<\/p>\n\n\n\n<p>Il 21 marzo i cittadini di Bagnoli e Pozzuoli si sono radunati in piazza rivendicando l&#8217;urgente necessit\u00e0 di un <strong>provvedimento straordinario<\/strong> per i <strong>Campi Flegrei<\/strong> che garantisca la sicurezza degli stabili e soluzioni efficaci per la tutela dei residenti.<\/p>\n\n\n\n<figure class=\"wp-block-image size-large\"><img loading=\"lazy\" decoding=\"async\" width=\"1024\" height=\"683\" src=\"https:\/\/www.ofpublicinterest.eu\/wp-content\/uploads\/2025\/03\/1742673747954-1024x683.jpg\" alt=\"\" class=\"wp-image-7742\" srcset=\"https:\/\/www.ofpublicinterest.eu\/wp-content\/uploads\/2025\/03\/1742673747954-1024x683.jpg 1024w, https:\/\/www.ofpublicinterest.eu\/wp-content\/uploads\/2025\/03\/1742673747954-300x200.jpg 300w, https:\/\/www.ofpublicinterest.eu\/wp-content\/uploads\/2025\/03\/1742673747954-1536x1024.jpg 1536w, https:\/\/www.ofpublicinterest.eu\/wp-content\/uploads\/2025\/03\/1742673747954-270x180.jpg 270w, https:\/\/www.ofpublicinterest.eu\/wp-content\/uploads\/2025\/03\/1742673747954-770x515.jpg 770w, https:\/\/www.ofpublicinterest.eu\/wp-content\/uploads\/2025\/03\/1742673747954.jpg 1620w\" sizes=\"auto, (max-width: 1024px) 100vw, 1024px\" \/><\/figure>\n\n\n\n<h2 class=\"wp-block-heading\">Il corteo<\/h2>\n\n\n\n<p>Il corteo, nel quale erano presenti anche l&#8217;Unione degli Studenti Campania e <a href=\"https:\/\/poterealpopolo.org\/\" title=\"Potere al Popolo\">Potere al Popolo<\/a>, si \u00e8 diretto a via Coroglio per raggiungere Citt\u00e0 della Scienza. L\u00ec si sono riuniti per il precongresso della Lega i ministri Matteo Salvini, Giuseppe Valditara e Matteo Piantedosi.<\/p>\n\n\n\n<figure class=\"wp-block-image size-large\"><img loading=\"lazy\" decoding=\"async\" width=\"1024\" height=\"683\" src=\"https:\/\/www.ofpublicinterest.eu\/wp-content\/uploads\/2025\/03\/1742673747926-1024x683.jpg\" alt=\"\" class=\"wp-image-7746\" srcset=\"https:\/\/www.ofpublicinterest.eu\/wp-content\/uploads\/2025\/03\/1742673747926-1024x683.jpg 1024w, https:\/\/www.ofpublicinterest.eu\/wp-content\/uploads\/2025\/03\/1742673747926-300x200.jpg 300w, https:\/\/www.ofpublicinterest.eu\/wp-content\/uploads\/2025\/03\/1742673747926-1536x1024.jpg 1536w, https:\/\/www.ofpublicinterest.eu\/wp-content\/uploads\/2025\/03\/1742673747926-270x180.jpg 270w, https:\/\/www.ofpublicinterest.eu\/wp-content\/uploads\/2025\/03\/1742673747926-770x515.jpg 770w, https:\/\/www.ofpublicinterest.eu\/wp-content\/uploads\/2025\/03\/1742673747926.jpg 1620w\" sizes=\"auto, (max-width: 1024px) 100vw, 1024px\" \/><\/figure>\n\n\n\n<p>Ad accogliere i manifestanti a pochi metri da Citt\u00e0 della Scienza si sono schierate le forze dell&#8217;ordine in tenuta antisommossa. Dopo un primo momento di scontro, innescato dal lacio di uova e pomodori a cui sono seguite dei colpi di manganello, l&#8217;assemblea ha ottenuto che la delegazione dei propri rappresentanti incontrasse i ministri per mostrare un documento con le istanze dei cittadini.<\/p>\n\n\n\n<figure class=\"wp-block-image size-large\"><img loading=\"lazy\" decoding=\"async\" width=\"1024\" height=\"683\" src=\"https:\/\/www.ofpublicinterest.eu\/wp-content\/uploads\/2025\/03\/1742673748021-1024x683.jpg\" alt=\"\" class=\"wp-image-7744\" srcset=\"https:\/\/www.ofpublicinterest.eu\/wp-content\/uploads\/2025\/03\/1742673748021-1024x683.jpg 1024w, https:\/\/www.ofpublicinterest.eu\/wp-content\/uploads\/2025\/03\/1742673748021-300x200.jpg 300w, https:\/\/www.ofpublicinterest.eu\/wp-content\/uploads\/2025\/03\/1742673748021-1536x1024.jpg 1536w, https:\/\/www.ofpublicinterest.eu\/wp-content\/uploads\/2025\/03\/1742673748021-270x180.jpg 270w, https:\/\/www.ofpublicinterest.eu\/wp-content\/uploads\/2025\/03\/1742673748021-770x515.jpg 770w, https:\/\/www.ofpublicinterest.eu\/wp-content\/uploads\/2025\/03\/1742673748021.jpg 1620w\" sizes=\"auto, (max-width: 1024px) 100vw, 1024px\" \/><\/figure>\n\n\n\n<figure class=\"wp-block-image size-large\"><img loading=\"lazy\" decoding=\"async\" width=\"1024\" height=\"683\" src=\"https:\/\/www.ofpublicinterest.eu\/wp-content\/uploads\/2025\/03\/1742673748004-1024x683.jpg\" alt=\"\" class=\"wp-image-7743\" srcset=\"https:\/\/www.ofpublicinterest.eu\/wp-content\/uploads\/2025\/03\/1742673748004-1024x683.jpg 1024w, https:\/\/www.ofpublicinterest.eu\/wp-content\/uploads\/2025\/03\/1742673748004-300x200.jpg 300w, https:\/\/www.ofpublicinterest.eu\/wp-content\/uploads\/2025\/03\/1742673748004-1536x1024.jpg 1536w, https:\/\/www.ofpublicinterest.eu\/wp-content\/uploads\/2025\/03\/1742673748004-270x180.jpg 270w, https:\/\/www.ofpublicinterest.eu\/wp-content\/uploads\/2025\/03\/1742673748004-770x515.jpg 770w, https:\/\/www.ofpublicinterest.eu\/wp-content\/uploads\/2025\/03\/1742673748004.jpg 1620w\" sizes=\"auto, (max-width: 1024px) 100vw, 1024px\" \/><\/figure>\n\n\n\n<h2 class=\"wp-block-heading\">Le richieste dei cittadini<\/h2>\n\n\n\n<p>All&#8217;interno del documento erano presenti le seguenti richieste:<\/p>\n\n\n\n<ul class=\"wp-block-list\">\n<li>Interventi statali per garantire la sicurezza dell&#8217;intero territorio flegreo.<\/li>\n\n\n\n<li>Creazione di strutture adeguatamente attrezzate per ospitare la popolazione, inclusi bambini e persone con disabilit\u00e0, sia durante che dopo gli eventi sismici.<\/li>\n\n\n\n<li>Aiuti economici per chi ha gi\u00e0 perso o rischia di perdere il lavoro a causa dell\u2019emergenza.<\/li>\n\n\n\n<li>Soluzioni abitative adeguate per gli sfollati, evitando la narrazione di un\u2019evacuazione &#8220;volontaria&#8221; non corrispondente alla realt\u00e0.<\/li>\n<\/ul>\n\n\n\n<figure class=\"wp-block-image size-large\"><img loading=\"lazy\" decoding=\"async\" width=\"1024\" height=\"683\" src=\"https:\/\/www.ofpublicinterest.eu\/wp-content\/uploads\/2025\/03\/1742673748056-1024x683.jpg\" alt=\"\" class=\"wp-image-7745\" srcset=\"https:\/\/www.ofpublicinterest.eu\/wp-content\/uploads\/2025\/03\/1742673748056-1024x683.jpg 1024w, https:\/\/www.ofpublicinterest.eu\/wp-content\/uploads\/2025\/03\/1742673748056-300x200.jpg 300w, https:\/\/www.ofpublicinterest.eu\/wp-content\/uploads\/2025\/03\/1742673748056-1536x1024.jpg 1536w, https:\/\/www.ofpublicinterest.eu\/wp-content\/uploads\/2025\/03\/1742673748056-270x180.jpg 270w, https:\/\/www.ofpublicinterest.eu\/wp-content\/uploads\/2025\/03\/1742673748056-770x515.jpg 770w, https:\/\/www.ofpublicinterest.eu\/wp-content\/uploads\/2025\/03\/1742673748056.jpg 1620w\" sizes=\"auto, (max-width: 1024px) 100vw, 1024px\" \/><\/figure>\n\n\n\n<p>Al ritorno della delegazione i rappresentanti dichiarano che \u00e8 stato <strong>ottenuto<\/strong> un incontro del Governo con gli abitanti dei Campi Flegrei, un successo per la mobilitazione cittadina. <\/p>\n\n\n\n<p>La lotta continuer\u00e0 fin quando non si attueranno provvedimenti concreti.<\/p>\n\n\n\n<figure class=\"wp-block-image size-large\"><img loading=\"lazy\" decoding=\"async\" width=\"1024\" height=\"683\" src=\"https:\/\/www.ofpublicinterest.eu\/wp-content\/uploads\/2025\/03\/1742673747968-1024x683.jpg\" alt=\"\" class=\"wp-image-7747\" srcset=\"https:\/\/www.ofpublicinterest.eu\/wp-content\/uploads\/2025\/03\/1742673747968-1024x683.jpg 1024w, https:\/\/www.ofpublicinterest.eu\/wp-content\/uploads\/2025\/03\/1742673747968-300x200.jpg 300w, https:\/\/www.ofpublicinterest.eu\/wp-content\/uploads\/2025\/03\/1742673747968-1536x1024.jpg 1536w, https:\/\/www.ofpublicinterest.eu\/wp-content\/uploads\/2025\/03\/1742673747968-270x180.jpg 270w, https:\/\/www.ofpublicinterest.eu\/wp-content\/uploads\/2025\/03\/1742673747968-770x515.jpg 770w, https:\/\/www.ofpublicinterest.eu\/wp-content\/uploads\/2025\/03\/1742673747968.jpg 1620w\" sizes=\"auto, (max-width: 1024px) 100vw, 1024px\" \/><\/figure>\n","protected":false},"excerpt":{"rendered":"<p>Notti insonni, domande, insicurezze, un profondo disorientamento e la consapevolezza che l&#8217;abbandono da parte delle istituzioni abbia una storicit\u00e0 in questa citt\u00e0 e, di fatto, un&#8217;alta probabilit\u00e0 di ripetersi. Tra l&#8217;imprevedibilit\u00e0 di una scossa e di quella successiva, tra rabbia e confusione, i cittadini si sono mobilitati. Nasce l&#8217;assemblea popolare L&#8217; assemblea popolare di Bagnoli<\/p>\n","protected":false},"author":13,"featured_media":7741,"comment_status":"open","ping_status":"open","sticky":false,"template":"","format":"standard","meta":{"om_disable_all_campaigns":false,"_mi_skip_tracking":false,"_monsterinsights_sitenote_active":false,"_monsterinsights_sitenote_note":"","_monsterinsights_sitenote_category":0,"ngg_post_thumbnail":0,"footnotes":""},"categories":[1],"tags":[],"class_list":{"0":"post-7734","1":"post","2":"type-post","3":"status-publish","4":"format-standard","5":"has-post-thumbnail","7":"category-reportage"},"aioseo_notices":[],"_links":{"self":[{"href":"https:\/\/www.ofpublicinterest.eu\/index.php\/wp-json\/wp\/v2\/posts\/7734","targetHints":{"allow":["GET"]}}],"collection":[{"href":"https:\/\/www.ofpublicinterest.eu\/index.php\/wp-json\/wp\/v2\/posts"}],"about":[{"href":"https:\/\/www.ofpublicinterest.eu\/index.php\/wp-json\/wp\/v2\/types\/post"}],"author":[{"embeddable":true,"href":"https:\/\/www.ofpublicinterest.eu\/index.php\/wp-json\/wp\/v2\/users\/13"}],"replies":[{"embeddable":true,"href":"https:\/\/www.ofpublicinterest.eu\/index.php\/wp-json\/wp\/v2\/comments?post=7734"}],"version-history":[{"count":10,"href":"https:\/\/www.ofpublicinterest.eu\/index.php\/wp-json\/wp\/v2\/posts\/7734\/revisions"}],"predecessor-version":[{"id":7754,"href":"https:\/\/www.ofpublicinterest.eu\/index.php\/wp-json\/wp\/v2\/posts\/7734\/revisions\/7754"}],"wp:featuredmedia":[{"embeddable":true,"href":"https:\/\/www.ofpublicinterest.eu\/index.php\/wp-json\/wp\/v2\/media\/7741"}],"wp:attachment":[{"href":"https:\/\/www.ofpublicinterest.eu\/index.php\/wp-json\/wp\/v2\/media?parent=7734"}],"wp:term":[{"taxonomy":"category","embeddable":true,"href":"https:\/\/www.ofpublicinterest.eu\/index.php\/wp-json\/wp\/v2\/categories?post=7734"},{"taxonomy":"post_tag","embeddable":true,"href":"https:\/\/www.ofpublicinterest.eu\/index.php\/wp-json\/wp\/v2\/tags?post=7734"}],"curies":[{"name":"wp","href":"https:\/\/api.w.org\/{rel}","templated":true}]}}