{"id":7757,"date":"2025-04-12T10:21:47","date_gmt":"2025-04-12T08:21:47","guid":{"rendered":"https:\/\/www.ofpublicinterest.eu\/?p=7757"},"modified":"2025-04-12T12:12:35","modified_gmt":"2025-04-12T10:12:35","slug":"pepsi-trattenere-il-sapore","status":"publish","type":"post","link":"https:\/\/www.ofpublicinterest.eu\/index.php\/2025\/04\/12\/pepsi-trattenere-il-sapore\/","title":{"rendered":"PEPSI: Trattenere il sapore"},"content":{"rendered":"\n<p>Fuori le finestre della sala, le tinte del paesaggio sono truci, a tratti volgari, una sensazione che non riesce a essere ignorata.<\/p>\n\n\n\n<p><em>-&#8220;Come avete passato queste due settimane?\u201d <\/em>&nbsp;domanda Nicola.<\/p>\n\n\n\n<p>La terra bruciata \u00e8 indigesta di rottami, pare urlare piet\u00e0.<\/p>\n\n\n\n<p><em>-\u201cHo studiato economia aziendale.\u201d<\/em><\/p>\n\n\n\n<p>Penso che potrebbe essere un luogo abitato da anime pezzentelle.<\/p>\n\n\n\n<p><em>-\u201cUn cazzo.\u201d<\/em><\/p>\n\n\n\n<p>Le voci dei ragazzi riempiono la stanza di un&#8217;energia vibrante, disordinata.<\/p>\n\n\n\n<p><em>-&#8220;<\/em><strong><em>Sono arrivata a un punto in cui ho bisogno di fermarmi un attimo, di capire dove sto andando, ma oggi sono tranquilla<\/em><\/strong><em>.&#8221;<\/em><\/p>\n\n\n\n<p>Seduti in cerchio, <strong>pronti a condividere ci\u00f2 che lo spettacolo ha rappresentato per loro<\/strong>, li ritrovo come li avevo sbirciati nel buio delle prove generali: <strong>caotici, irriverenti, bellissimi<\/strong>.<\/p>\n\n\n\n<figure class=\"wp-block-image size-large\"><img loading=\"lazy\" decoding=\"async\" width=\"1024\" height=\"682\" src=\"https:\/\/www.ofpublicinterest.eu\/wp-content\/uploads\/2025\/04\/image00019-1024x682.jpeg\" alt=\"\" class=\"wp-image-7879\" srcset=\"https:\/\/www.ofpublicinterest.eu\/wp-content\/uploads\/2025\/04\/image00019-1024x682.jpeg 1024w, https:\/\/www.ofpublicinterest.eu\/wp-content\/uploads\/2025\/04\/image00019-300x200.jpeg 300w, https:\/\/www.ofpublicinterest.eu\/wp-content\/uploads\/2025\/04\/image00019-1536x1024.jpeg 1536w, https:\/\/www.ofpublicinterest.eu\/wp-content\/uploads\/2025\/04\/image00019-270x180.jpeg 270w, https:\/\/www.ofpublicinterest.eu\/wp-content\/uploads\/2025\/04\/image00019-370x245.jpeg 370w\" sizes=\"auto, (max-width: 1024px) 100vw, 1024px\" \/><\/figure>\n\n\n\n<p>Al <strong>Centro Polifunzionale Ciro Colonna di Ponticelli<\/strong>, sede dell&#8217;<strong>associazione Trerrote<\/strong>, osservo silente gli <strong>attori<\/strong> che guidati dal <strong>regista e fondatore<\/strong> <strong>Nicola Laieta<\/strong>, riconducono assieme l&#8217;esperienza de la <strong><em>Lisistrata<\/em><\/strong>, portata in scena il 28 gennaio di quest&#8217;anno al <strong>Piccolo Bellini<\/strong>.<\/p>\n\n\n\n<figure class=\"wp-block-image size-large\"><img loading=\"lazy\" decoding=\"async\" width=\"1024\" height=\"683\" src=\"https:\/\/www.ofpublicinterest.eu\/wp-content\/uploads\/2025\/04\/image00017-1024x683.jpeg\" alt=\"\" class=\"wp-image-7888\" srcset=\"https:\/\/www.ofpublicinterest.eu\/wp-content\/uploads\/2025\/04\/image00017-1024x683.jpeg 1024w, https:\/\/www.ofpublicinterest.eu\/wp-content\/uploads\/2025\/04\/image00017-300x200.jpeg 300w, https:\/\/www.ofpublicinterest.eu\/wp-content\/uploads\/2025\/04\/image00017-1536x1025.jpeg 1536w, https:\/\/www.ofpublicinterest.eu\/wp-content\/uploads\/2025\/04\/image00017-270x180.jpeg 270w, https:\/\/www.ofpublicinterest.eu\/wp-content\/uploads\/2025\/04\/image00017-770x515.jpeg 770w\" sizes=\"auto, (max-width: 1024px) 100vw, 1024px\" \/><\/figure>\n\n\n\n<p>Per la sua ottava edizione, il<strong> <\/strong><a href=\"https:\/\/www.ofpublicinterest.eu\/index.php\/2022\/03\/08\/trerrote-il-teatro-che-educa-alla-dimensione-comune\/\" title=\"Teatro Ricerca Educazione e Maestri di Strada\"><strong>Teatro Ricerca Educazione<\/strong> e <strong>Maestri di Strada<\/strong><\/a> ha riproposto lo spettacolo nello storico teatro, nato nell\u2019ambito delle attivit\u00e0 del progetto <strong>\u201cDar Lugar! Abitare la Bellezza\u201d<\/strong>, un\u2019iniziativa realizzata grazie al <strong>Programma Per Chi Crea, Sezione Formazione e Promozione Culturale nelle scuole<\/strong>, finanziato dal <strong>Ministero della Cultura<\/strong> della <strong>S.I.A.E.<\/strong><\/p>\n\n\n\n<p>L\u2019inserimento di <em>Lisistrata<\/em> nel progetto ha rafforzato il laboratorio educativo, permettendo ai ragazzi di lavorare con artisti come <strong>Lino Musella<\/strong> e sperimentare la <strong>commedia dell\u2019arte<\/strong>, grazie anche al supporto degli <strong><em>educattori<\/em><\/strong>, studenti e attori in formazione. <strong>I fondi raccolti dagli spettacoli vengono reinvestiti in nuovi laboratori gratuiti e scambi culturali, con l\u2019auspicio che possano contribuire anche alla ristrutturazione del Centro Polifunzionale, rafforzando il ruolo di spazio di crescita e bellezza condivisa.<\/strong><\/p>\n\n\n\n<figure class=\"wp-block-image size-large\"><img loading=\"lazy\" decoding=\"async\" width=\"1024\" height=\"682\" src=\"https:\/\/www.ofpublicinterest.eu\/wp-content\/uploads\/2025\/04\/image00002-1024x682.jpeg\" alt=\"\" class=\"wp-image-7878\" srcset=\"https:\/\/www.ofpublicinterest.eu\/wp-content\/uploads\/2025\/04\/image00002-1024x682.jpeg 1024w, https:\/\/www.ofpublicinterest.eu\/wp-content\/uploads\/2025\/04\/image00002-300x200.jpeg 300w, https:\/\/www.ofpublicinterest.eu\/wp-content\/uploads\/2025\/04\/image00002-1536x1024.jpeg 1536w, https:\/\/www.ofpublicinterest.eu\/wp-content\/uploads\/2025\/04\/image00002-270x180.jpeg 270w, https:\/\/www.ofpublicinterest.eu\/wp-content\/uploads\/2025\/04\/image00002-370x245.jpeg 370w\" sizes=\"auto, (max-width: 1024px) 100vw, 1024px\" \/><\/figure>\n\n\n\n<p><em>\u00abQuando guardo il telegiornale e vedo le notizie dalla Palestina e dall\u2019Ucraina, mi viene naturale reagire. <\/em><strong><em>Non si tratta di cambiare il mondo, ma di proporre una riflessione, anche attraverso il divertimento<\/em><\/strong><em>. Il tema della guerra, la morte dei giovani. <\/em><strong><em>\u00c8 un atto istintivo, una reazione alla realt\u00e0 che ci circonda<\/em><\/strong><em>\u00bb<\/em> mi confessa Laieta.<\/p>\n\n\n\n<figure class=\"wp-block-image size-large\"><img loading=\"lazy\" decoding=\"async\" width=\"1024\" height=\"682\" src=\"https:\/\/www.ofpublicinterest.eu\/wp-content\/uploads\/2025\/04\/image00010-1024x682.jpeg\" alt=\"\" class=\"wp-image-7896\" srcset=\"https:\/\/www.ofpublicinterest.eu\/wp-content\/uploads\/2025\/04\/image00010-1024x682.jpeg 1024w, https:\/\/www.ofpublicinterest.eu\/wp-content\/uploads\/2025\/04\/image00010-300x200.jpeg 300w, https:\/\/www.ofpublicinterest.eu\/wp-content\/uploads\/2025\/04\/image00010-1536x1024.jpeg 1536w, https:\/\/www.ofpublicinterest.eu\/wp-content\/uploads\/2025\/04\/image00010-270x180.jpeg 270w, https:\/\/www.ofpublicinterest.eu\/wp-content\/uploads\/2025\/04\/image00010-370x245.jpeg 370w\" sizes=\"auto, (max-width: 1024px) 100vw, 1024px\" \/><\/figure>\n\n\n\n<p><strong>Conflitto, sesso, reputazione, potere<\/strong>: la <em>Lisistrata<\/em> \u00e8 un testo dall\u2019 intelligenza sfrontata. Nata dalla penna di Aristofane e rappresentata per la prima volta nel 411 a.C., la protagonista, <em>colei che scioglie gli eserciti<\/em>, \u00e8 alla guida di un gruppo di donne ateniesi e spartane alla volta di una ribellione pacifica. Si negheranno ai mariti fino a quando questi non cesseranno di combattere nella guerra del Peloponneso.&nbsp;<\/p>\n\n\n\n<p class=\"has-text-align-center\"><em>N\u00e9 carnacce e n\u00e9 rattuse<\/em><\/p>\n\n\n\n<p class=\"has-text-align-center\"><em>E n\u00e9 manco \u2018nu muccuse<\/em><\/p>\n\n\n\n<p class=\"has-text-align-center\"><em>Accostarsi potr\u00e0<\/em><\/p>\n\n\n\n<p class=\"has-text-align-center\"><em>A \u2018stu sacro pertuso<\/em><\/p>\n\n\n\n<p>Il <strong>dialetto napoletano filtra e restituisce con forza il senso del testo<\/strong>: l\u2019opera smette di essere solo un classico e diventa un\u2019esperienza viva, senza perdere nulla della sua audacia e intelligenza.&nbsp;<\/p>\n\n\n\n<p>Il testo trova naturale dimora nelle voci nelle giovani attrici che padroneggiano le battute con consapevolezza, conferendo loro un significato che va ben oltre le parole stesse.&nbsp; Nei loro sguardi arde una forza atavica, una sfida alla testardaggine maschile, sostenuta solo dalla fermezza del loro essere. <strong>Non si tratta&nbsp; di un atto di ribellione, ma di una vera e propria volont\u00e0 di riscrivere le regole.<\/strong><\/p>\n\n\n\n<figure class=\"wp-block-image size-large\"><img loading=\"lazy\" decoding=\"async\" width=\"1024\" height=\"669\" src=\"https:\/\/www.ofpublicinterest.eu\/wp-content\/uploads\/2025\/04\/image00006-1024x669.jpeg\" alt=\"\" class=\"wp-image-7884\" srcset=\"https:\/\/www.ofpublicinterest.eu\/wp-content\/uploads\/2025\/04\/image00006-1024x669.jpeg 1024w, https:\/\/www.ofpublicinterest.eu\/wp-content\/uploads\/2025\/04\/image00006-300x196.jpeg 300w, https:\/\/www.ofpublicinterest.eu\/wp-content\/uploads\/2025\/04\/image00006-1536x1004.jpeg 1536w\" sizes=\"auto, (max-width: 1024px) 100vw, 1024px\" \/><\/figure>\n\n\n\n<p>I ragazzi sembrano, semplicemente, loro stessi, ed \u00e8 forse questo l\u2019aspetto pi\u00f9 commovente. Pur indossando, in qualche modo, l&#8217;armatura del maschio stereotipato, riescono a infondere in quell&#8217; elmo e scudo una tenerezza disarmante, <strong>quella di chi accetta la propria vulnerabilit\u00e0<\/strong>.\u00a0<br><\/p>\n\n\n\n<figure class=\"wp-block-image size-large\"><img loading=\"lazy\" decoding=\"async\" width=\"1024\" height=\"682\" src=\"https:\/\/www.ofpublicinterest.eu\/wp-content\/uploads\/2025\/04\/image00012-1024x682.jpeg\" alt=\"\" class=\"wp-image-7913\" srcset=\"https:\/\/www.ofpublicinterest.eu\/wp-content\/uploads\/2025\/04\/image00012-1024x682.jpeg 1024w, https:\/\/www.ofpublicinterest.eu\/wp-content\/uploads\/2025\/04\/image00012-300x200.jpeg 300w, https:\/\/www.ofpublicinterest.eu\/wp-content\/uploads\/2025\/04\/image00012-1536x1024.jpeg 1536w, https:\/\/www.ofpublicinterest.eu\/wp-content\/uploads\/2025\/04\/image00012-270x180.jpeg 270w, https:\/\/www.ofpublicinterest.eu\/wp-content\/uploads\/2025\/04\/image00012-370x245.jpeg 370w\" sizes=\"auto, (max-width: 1024px) 100vw, 1024px\" \/><\/figure>\n\n\n\n<p><br><\/p>\n\n\n\n<p>Mi domando:<strong> pu\u00f2 il teatro davvero diventare l\u2019educatore sentimentale di cui, ora pi\u00f9 che mai, abbiamo bisogno?&nbsp; <\/strong>Pu\u00f2 sostenere i ragazzi nello sviluppo della propria consapevolezza emotiva, dar loro&nbsp; strumenti per comprendere e gestire le proprie emozioni? Osservandoli sento che <strong>il loro essere in scena sia, a tutti gli effetti, un atto di resistenza<\/strong>: un momento in cui <strong>l\u2019azione si sostituisce all\u2019immobilismo<\/strong> e le parole diventano carne, voce, azione. Se \u00e8 possibile fare questo sul palco, perch\u00e9 non nella vita quotidiana?&nbsp;<br><\/p>\n\n\n\n<figure class=\"wp-block-image\"><img loading=\"lazy\" decoding=\"async\" width=\"2000\" height=\"1333\" src=\"https:\/\/www.ofpublicinterest.eu\/wp-content\/uploads\/2025\/04\/image00014.jpeg\" alt=\"\" class=\"wp-image-7915\" srcset=\"https:\/\/www.ofpublicinterest.eu\/wp-content\/uploads\/2025\/04\/image00014.jpeg 2000w, https:\/\/www.ofpublicinterest.eu\/wp-content\/uploads\/2025\/04\/image00014-300x200.jpeg 300w, https:\/\/www.ofpublicinterest.eu\/wp-content\/uploads\/2025\/04\/image00014-1024x682.jpeg 1024w, https:\/\/www.ofpublicinterest.eu\/wp-content\/uploads\/2025\/04\/image00014-1536x1024.jpeg 1536w, https:\/\/www.ofpublicinterest.eu\/wp-content\/uploads\/2025\/04\/image00014-270x180.jpeg 270w\" sizes=\"auto, (max-width: 2000px) 100vw, 2000px\" \/><\/figure>\n\n\n\n<p>Convincersene non&nbsp;\u00e8 facile.&nbsp;<\/p>\n\n\n\n<p><em>\u00abVoglio far capire ai <\/em><strong><em>ragazzi che sono parte attiva della societ\u00e0<\/em><\/strong><em>\u00bb <\/em>continua Laieta<em>. \u00abLa cosa che pi\u00f9 mi <strong>scoraggia<\/strong> \u00e8 <strong>quando mi dicono<\/strong> che tanto non si pu\u00f2 fare nulla, <strong>che \u00e8 tutto inutile<\/strong>.\u00bb<\/em><\/p>\n\n\n\n<p>La preparazione dello spettacolo, intrisa di una furiosa battaglia contro lo <strong><em>sfasterio<\/em><\/strong> e la possibile delusione, ha rappresentato una grande sfida.&nbsp;<\/p>\n\n\n\n<p><em>\u00ab<\/em><strong><em>Molti non credevano che valesse la pena fare qualcosa di serio<\/em><\/strong><em>, anche se si trattava di un teatro importante come il Bellini.\u00bb<\/em><\/p>\n\n\n\n<figure class=\"wp-block-image size-large\"><img loading=\"lazy\" decoding=\"async\" width=\"1024\" height=\"682\" src=\"https:\/\/www.ofpublicinterest.eu\/wp-content\/uploads\/2025\/04\/image00004-1024x682.jpeg\" alt=\"\" class=\"wp-image-7882\" srcset=\"https:\/\/www.ofpublicinterest.eu\/wp-content\/uploads\/2025\/04\/image00004-1024x682.jpeg 1024w, https:\/\/www.ofpublicinterest.eu\/wp-content\/uploads\/2025\/04\/image00004-300x200.jpeg 300w, https:\/\/www.ofpublicinterest.eu\/wp-content\/uploads\/2025\/04\/image00004-1536x1024.jpeg 1536w, https:\/\/www.ofpublicinterest.eu\/wp-content\/uploads\/2025\/04\/image00004-270x180.jpeg 270w, https:\/\/www.ofpublicinterest.eu\/wp-content\/uploads\/2025\/04\/image00004-370x245.jpeg 370w\" sizes=\"auto, (max-width: 1024px) 100vw, 1024px\" \/><\/figure>\n\n\n\n<p>Dietro ogni esitazione vi \u00e8 una <strong>profonda sfiducia nelle inondanti parole degli adulti, fatte di promesse mancate: un genitore assente, un insegnante disinteressato, un ambiente che non ha mai creduto in loro.<\/strong><\/p>\n\n\n\n<p>Ma <strong>Trerrote <\/strong>\u00e8 qualcosa di pi\u00f9 di un semplice atto scenico: <strong>\u00e8 un\u2019opportunit\u00e0 concreta<\/strong>, un percorso di crescita che permette ai giovani di affrontare sfide che sembrano pi\u00f9 grandi di loro, uscendone pi\u00f9 forti e consapevoli. <strong>Un\u2019occasione per riscrivere la loro storia<\/strong>.<\/p>\n\n\n\n<p>Il Piccolo Bellini \u00e8 stato riempito per due serate.<\/p>\n\n\n\n<figure class=\"wp-block-image size-large\"><img loading=\"lazy\" decoding=\"async\" width=\"1024\" height=\"683\" src=\"https:\/\/www.ofpublicinterest.eu\/wp-content\/uploads\/2025\/04\/image00011-1024x683.jpeg\" alt=\"\" class=\"wp-image-7897\" srcset=\"https:\/\/www.ofpublicinterest.eu\/wp-content\/uploads\/2025\/04\/image00011-1024x683.jpeg 1024w, https:\/\/www.ofpublicinterest.eu\/wp-content\/uploads\/2025\/04\/image00011-300x200.jpeg 300w, https:\/\/www.ofpublicinterest.eu\/wp-content\/uploads\/2025\/04\/image00011-1536x1025.jpeg 1536w, https:\/\/www.ofpublicinterest.eu\/wp-content\/uploads\/2025\/04\/image00011-270x180.jpeg 270w, https:\/\/www.ofpublicinterest.eu\/wp-content\/uploads\/2025\/04\/image00011-770x515.jpeg 770w\" sizes=\"auto, (max-width: 1024px) 100vw, 1024px\" \/><\/figure>\n\n\n\n<p>Tutt\u2019altro che ingenui, i ragazzi si muovono nella desolazione di Ponticelli come api che conoscono bene il nettare da succhiare. <strong>Nel loro sguardo permane l\u2019incanto di chi sa ancora stupirsi e non perde la capacit\u00e0 di essere autentico. <\/strong><\/p>\n\n\n\n<p>Guardarli durante la riconduzione \u00e8 stato come assistere allo sviluppo di un gioco, che si intreccia, ti sorprende \u2014ma mai osare definirlo semplicemente gioco. <strong>\u00c8, in realt\u00e0, una questione di straordinaria seriet\u00e0.<\/strong><\/p>\n\n\n\n<p>Sul finire della<mark style=\"background-color:#ffffff\" class=\"has-inline-color has-black-color\"> rievocazione<\/mark>, vengono posti oggetti sparsi sul pavimento, che&nbsp; raccontano le ultime sensazioni.<\/p>\n\n\n\n<p>C\u2019\u00e8 un <strong>pastello a cera spezzato<\/strong>, che non torner\u00e0 mai alla sua forma originaria, eppure continua a tracciare segni, a colorare.<strong> La percezione di ci\u00f2 che \u00e8 rotto dipende dallo sguardo con cui lo si osserva<\/strong>: se ci soffermiamo sulla perdita, vediamo solo il danno. Se scegliamo di accogliere la trasformazione, scopriremo una nuova possibilit\u00e0.<\/p>\n\n\n\n<p>Accanto il pastello, una <strong>lattina<\/strong>.<\/p>\n\n\n\n<p><em>\u201c<\/em><strong><em>Io mi sento un po\u2019 accartocciata<\/em><\/strong><em>, come questa Pepsi. Il suo contenuto, <\/em><strong><em>l&#8217;energia<\/em><\/strong><em> che ci siamo dati in queste settimane, <\/em><strong><em>si consuma<\/em><\/strong><em>, ma lascia qualcosa. Abbiamo dato tanto, e abbiamo sofferto. Ora che \u00e8 finito ci resta addosso una sensazione strana. <\/em><strong><em>Come la Pepsi: sappiamo che pu\u00f2 fare male, ma il suo sapore ci piace cos\u00ec tanto che, alla fine, ci manca.<\/em><\/strong><em>\u201d<\/em><\/p>\n\n\n\n<figure class=\"wp-block-image size-large\"><img loading=\"lazy\" decoding=\"async\" width=\"1024\" height=\"682\" src=\"https:\/\/www.ofpublicinterest.eu\/wp-content\/uploads\/2025\/04\/image00015-1024x682.jpeg\" alt=\"\" class=\"wp-image-7916\" srcset=\"https:\/\/www.ofpublicinterest.eu\/wp-content\/uploads\/2025\/04\/image00015-1024x682.jpeg 1024w, https:\/\/www.ofpublicinterest.eu\/wp-content\/uploads\/2025\/04\/image00015-300x200.jpeg 300w, https:\/\/www.ofpublicinterest.eu\/wp-content\/uploads\/2025\/04\/image00015-1536x1024.jpeg 1536w, https:\/\/www.ofpublicinterest.eu\/wp-content\/uploads\/2025\/04\/image00015-270x180.jpeg 270w, https:\/\/www.ofpublicinterest.eu\/wp-content\/uploads\/2025\/04\/image00015-370x245.jpeg 370w\" sizes=\"auto, (max-width: 1024px) 100vw, 1024px\" \/><\/figure>\n\n\n\n<figure class=\"wp-block-image size-large\"><img loading=\"lazy\" decoding=\"async\" width=\"1024\" height=\"682\" src=\"https:\/\/www.ofpublicinterest.eu\/wp-content\/uploads\/2025\/04\/image00013-1024x682.jpeg\" alt=\"\" class=\"wp-image-7914\" srcset=\"https:\/\/www.ofpublicinterest.eu\/wp-content\/uploads\/2025\/04\/image00013-1024x682.jpeg 1024w, https:\/\/www.ofpublicinterest.eu\/wp-content\/uploads\/2025\/04\/image00013-300x200.jpeg 300w, https:\/\/www.ofpublicinterest.eu\/wp-content\/uploads\/2025\/04\/image00013-1536x1024.jpeg 1536w, https:\/\/www.ofpublicinterest.eu\/wp-content\/uploads\/2025\/04\/image00013-270x180.jpeg 270w, https:\/\/www.ofpublicinterest.eu\/wp-content\/uploads\/2025\/04\/image00013-370x245.jpeg 370w\" sizes=\"auto, (max-width: 1024px) 100vw, 1024px\" \/><\/figure>\n\n\n\n<p><br><strong>Il paradosso del sentirsi vivi: ci\u00f2 che sfianca ci nutre, ci\u00f2 che confonde chiarisce, ci\u00f2 che trasforma custodisce la nostra essenza.<\/strong>\u00a0<\/p>\n\n\n\n<p><strong>Accartocciati, ma con il desiderio di trattenere il sapore di ci\u00f2 che ci ha dato forma<\/strong>. <mark style=\"background-color:rgba(0, 0, 0, 0)\" class=\"has-inline-color has-black-color\">Dipende tutto da come scegliamo di guardare: <strong>lasciamo che tutto svanisca nel tempo o cerchiamo di preservare l\u2019essenza?<\/strong><\/mark><\/p>\n\n\n\n<figure class=\"wp-block-image size-large\"><img loading=\"lazy\" decoding=\"async\" width=\"1024\" height=\"683\" src=\"https:\/\/www.ofpublicinterest.eu\/wp-content\/uploads\/2025\/04\/image00009-1024x683.jpeg\" alt=\"\" class=\"wp-image-7893\" srcset=\"https:\/\/www.ofpublicinterest.eu\/wp-content\/uploads\/2025\/04\/image00009-1024x683.jpeg 1024w, https:\/\/www.ofpublicinterest.eu\/wp-content\/uploads\/2025\/04\/image00009-300x200.jpeg 300w, https:\/\/www.ofpublicinterest.eu\/wp-content\/uploads\/2025\/04\/image00009-1536x1025.jpeg 1536w, https:\/\/www.ofpublicinterest.eu\/wp-content\/uploads\/2025\/04\/image00009-270x180.jpeg 270w, https:\/\/www.ofpublicinterest.eu\/wp-content\/uploads\/2025\/04\/image00009-770x515.jpeg 770w\" sizes=\"auto, (max-width: 1024px) 100vw, 1024px\" \/><\/figure>\n\n\n\n<p><strong>Luned\u00ec 15 Aprile andr\u00e0 in scena nuovo spettacolo dell&#8217;associazione &#8220;Passaggi&#8221;, alle ore 21.00 presso il Piccolo Bellini.<\/strong><\/p>\n","protected":false},"excerpt":{"rendered":"<p>Fuori le finestre della sala, le tinte del paesaggio sono truci, a tratti volgari, una sensazione che non riesce a essere ignorata. -&#8220;Come avete passato queste due settimane?\u201d &nbsp;domanda Nicola. La terra bruciata \u00e8 indigesta di rottami, pare urlare piet\u00e0. -\u201cHo studiato economia aziendale.\u201d Penso che potrebbe essere un luogo abitato da anime pezzentelle. -\u201cUn<\/p>\n","protected":false},"author":6,"featured_media":7907,"comment_status":"open","ping_status":"open","sticky":false,"template":"","format":"standard","meta":{"om_disable_all_campaigns":false,"_mi_skip_tracking":false,"_monsterinsights_sitenote_active":false,"_monsterinsights_sitenote_note":"","_monsterinsights_sitenote_category":0,"ngg_post_thumbnail":0,"footnotes":""},"categories":[1],"tags":[1188,22,1176,286,1172,36,1178,1186,309,1180,1166,1184,60,1174,257,880,75,101,1182,1170,1168],"class_list":{"0":"post-7757","1":"post","2":"type-post","3":"status-publish","4":"format-standard","5":"has-post-thumbnail","7":"category-reportage","8":"tag-adolescenti","9":"tag-artesociale","10":"tag-centro-polifunzionale-ciro-colonna","11":"tag-cultura","12":"tag-dar-lugar-abitare-la-bellezza","13":"tag-donne","14":"tag-educattori","15":"tag-educazione-sentimentale","16":"tag-lavoro","17":"tag-lisistrata","18":"tag-maestri-di-strada","19":"tag-ministero-della-cultura","20":"tag-napoli","21":"tag-nicola-laieta","22":"tag-ponticelli","23":"tag-resistenza","24":"tag-storie","25":"tag-teatro","26":"tag-teatro-piccolo-bellini","27":"tag-teatro-ricerca-educazione","28":"tag-trerrote"},"aioseo_notices":[],"_links":{"self":[{"href":"https:\/\/www.ofpublicinterest.eu\/index.php\/wp-json\/wp\/v2\/posts\/7757","targetHints":{"allow":["GET"]}}],"collection":[{"href":"https:\/\/www.ofpublicinterest.eu\/index.php\/wp-json\/wp\/v2\/posts"}],"about":[{"href":"https:\/\/www.ofpublicinterest.eu\/index.php\/wp-json\/wp\/v2\/types\/post"}],"author":[{"embeddable":true,"href":"https:\/\/www.ofpublicinterest.eu\/index.php\/wp-json\/wp\/v2\/users\/6"}],"replies":[{"embeddable":true,"href":"https:\/\/www.ofpublicinterest.eu\/index.php\/wp-json\/wp\/v2\/comments?post=7757"}],"version-history":[{"count":38,"href":"https:\/\/www.ofpublicinterest.eu\/index.php\/wp-json\/wp\/v2\/posts\/7757\/revisions"}],"predecessor-version":[{"id":7942,"href":"https:\/\/www.ofpublicinterest.eu\/index.php\/wp-json\/wp\/v2\/posts\/7757\/revisions\/7942"}],"wp:featuredmedia":[{"embeddable":true,"href":"https:\/\/www.ofpublicinterest.eu\/index.php\/wp-json\/wp\/v2\/media\/7907"}],"wp:attachment":[{"href":"https:\/\/www.ofpublicinterest.eu\/index.php\/wp-json\/wp\/v2\/media?parent=7757"}],"wp:term":[{"taxonomy":"category","embeddable":true,"href":"https:\/\/www.ofpublicinterest.eu\/index.php\/wp-json\/wp\/v2\/categories?post=7757"},{"taxonomy":"post_tag","embeddable":true,"href":"https:\/\/www.ofpublicinterest.eu\/index.php\/wp-json\/wp\/v2\/tags?post=7757"}],"curies":[{"name":"wp","href":"https:\/\/api.w.org\/{rel}","templated":true}]}}