{"id":8248,"date":"2025-09-15T14:51:46","date_gmt":"2025-09-15T12:51:46","guid":{"rendered":"https:\/\/www.ofpublicinterest.eu\/?p=8248"},"modified":"2025-09-15T14:51:47","modified_gmt":"2025-09-15T12:51:47","slug":"restituire-spazi-e-parole-dimenticate-a-pomigliano-darco-il-rinascita-fest-2025","status":"publish","type":"post","link":"https:\/\/www.ofpublicinterest.eu\/index.php\/2025\/09\/15\/restituire-spazi-e-parole-dimenticate-a-pomigliano-darco-il-rinascita-fest-2025\/","title":{"rendered":"Restituire spazi e parole dimenticate: a Pomigliano d\u2019Arco il Rinascita Fest 2025"},"content":{"rendered":"\n<p>Ne <em><strong>La pulizia etnica della Palestina<\/strong><\/em>, lo storico <strong>Ilan Papp\u00e9<\/strong> rievoca come una delle tante operazioni militari israeliane durante la <em>Nakba<\/em>, l&#8217;espulsione forzata del popolo palestinese del 1948, fosse chiamata <em>Cleansing Leaven<\/em>, <strong>eliminare il lievito<\/strong>:<\/p>\n\n\n\n<p>\u00ab<em>Il termine ebraico \u201cbi\u2019ur hametz\u201d significa la totale purificazione e si riferisce alla pratica di eliminare ogni traccia di pane e farina alla vigilia di Pasqua. Termine brutalmente appropriato, durante l\u2019epurazione di Haifa, <strong>nella quale i palestinesi erano il pane e la farina<\/strong>,<\/em>\u00bb.<sup data-fn=\"9113b57b-53af-41cc-8517-ada3ca5c50be\" class=\"fn\"><a id=\"9113b57b-53af-41cc-8517-ada3ca5c50be-link\" href=\"#9113b57b-53af-41cc-8517-ada3ca5c50be\">1<\/a><\/sup><\/p>\n\n\n\n<p>In un altro luogo del Mediterraneo, pi\u00f9 di settant\u2019anni dopo, lievito e farina si ribaltano e  tornano a reincarnarsi. A <strong>Pomigliano d\u2019Arco<\/strong>, citt\u00e0 segnata dalla deindustrializzazione e da spazi abbandonati, il <em><strong>Rinascita Fest<\/strong><\/em> sceglie di chiamarsi <em>Pane e Pace: <\/em>nutrimento di diritti, casa, solidariet\u00e0, rifiuto radicale della guerra e del dominio.<\/p>\n\n\n\n<figure class=\"wp-block-image size-large\"><img loading=\"lazy\" decoding=\"async\" width=\"1024\" height=\"819\" src=\"https:\/\/www.ofpublicinterest.eu\/wp-content\/uploads\/2025\/09\/WhatsApp-Image-2025-09-14-at-14.27.23-2-1024x819.jpeg\" alt=\"\" class=\"wp-image-8271\" srcset=\"https:\/\/www.ofpublicinterest.eu\/wp-content\/uploads\/2025\/09\/WhatsApp-Image-2025-09-14-at-14.27.23-2-1024x819.jpeg 1024w, https:\/\/www.ofpublicinterest.eu\/wp-content\/uploads\/2025\/09\/WhatsApp-Image-2025-09-14-at-14.27.23-2-300x240.jpeg 300w, https:\/\/www.ofpublicinterest.eu\/wp-content\/uploads\/2025\/09\/WhatsApp-Image-2025-09-14-at-14.27.23-2.jpeg 1350w\" sizes=\"auto, (max-width: 1024px) 100vw, 1024px\" \/><\/figure>\n\n\n\n<figure class=\"wp-block-image size-large\"><img loading=\"lazy\" decoding=\"async\" width=\"1024\" height=\"819\" src=\"https:\/\/www.ofpublicinterest.eu\/wp-content\/uploads\/2025\/09\/WhatsApp-Image-2025-09-14-at-18.40.45-2-1024x819.jpeg\" alt=\"\" class=\"wp-image-8259\" srcset=\"https:\/\/www.ofpublicinterest.eu\/wp-content\/uploads\/2025\/09\/WhatsApp-Image-2025-09-14-at-18.40.45-2-1024x819.jpeg 1024w, https:\/\/www.ofpublicinterest.eu\/wp-content\/uploads\/2025\/09\/WhatsApp-Image-2025-09-14-at-18.40.45-2-300x240.jpeg 300w, https:\/\/www.ofpublicinterest.eu\/wp-content\/uploads\/2025\/09\/WhatsApp-Image-2025-09-14-at-18.40.45-2.jpeg 1350w\" sizes=\"auto, (max-width: 1024px) 100vw, 1024px\" \/><\/figure>\n\n\n\n<p>Il <em>RinascitaFest<\/em> nasce dal basso, nel 2022, su iniziativa di <strong>Rinascita Pomigliano, il comitato Ma Quale Casa, Giustizia per Mario Paciolla<\/strong>, ed altri movimenti aggregatisi nel tempo, intrecciando generazioni sempre pi\u00f9 diversificate, partendo da quella operaia degli anni settanta, eredit\u00e0 che oggi non \u00e8 solo rievocata, ma reinventata. \u00abCon il festival \u2013 afferma <strong>Antonio Tondi, attivista di rinascita<\/strong> \u2013 cerchiamo di restituire l\u2019ex stazione alla cittadinanza, trasformandola in bene comune\u00bb.<\/p>\n\n\n\n<figure class=\"wp-block-image size-large\"><img loading=\"lazy\" decoding=\"async\" width=\"819\" height=\"1024\" src=\"https:\/\/www.ofpublicinterest.eu\/wp-content\/uploads\/2025\/09\/WhatsApp-Image-2025-09-14-at-18.40.45-1-1-819x1024.jpeg\" alt=\"\" class=\"wp-image-8263\" srcset=\"https:\/\/www.ofpublicinterest.eu\/wp-content\/uploads\/2025\/09\/WhatsApp-Image-2025-09-14-at-18.40.45-1-1-819x1024.jpeg 819w, https:\/\/www.ofpublicinterest.eu\/wp-content\/uploads\/2025\/09\/WhatsApp-Image-2025-09-14-at-18.40.45-1-1-240x300.jpeg 240w, https:\/\/www.ofpublicinterest.eu\/wp-content\/uploads\/2025\/09\/WhatsApp-Image-2025-09-14-at-18.40.45-1-1.jpeg 1080w\" sizes=\"auto, (max-width: 819px) 100vw, 819px\" \/><figcaption class=\"wp-element-caption\">I membri di Rinascita Pomigliano<\/figcaption><\/figure>\n\n\n\n<p>Dal 10 al 21 settembre 2025, l\u2019<strong>ex stazione della Circumvesuviana<\/strong>, degradata, vuota e contesa, <strong>si ritrasforma in laboratorio di socialit\u00e0, incontro e resistenza: per dieci giorni politica e cultura tornano tra la gente, con dibattiti, musica e teatro.<\/strong><\/p>\n\n\n\n<figure class=\"wp-block-image size-large\"><img loading=\"lazy\" decoding=\"async\" width=\"1024\" height=\"819\" src=\"https:\/\/www.ofpublicinterest.eu\/wp-content\/uploads\/2025\/09\/WhatsApp-Image-2025-09-14-at-18.40.46-2-1024x819.jpeg\" alt=\"\" class=\"wp-image-8260\" srcset=\"https:\/\/www.ofpublicinterest.eu\/wp-content\/uploads\/2025\/09\/WhatsApp-Image-2025-09-14-at-18.40.46-2-1024x819.jpeg 1024w, https:\/\/www.ofpublicinterest.eu\/wp-content\/uploads\/2025\/09\/WhatsApp-Image-2025-09-14-at-18.40.46-2-300x240.jpeg 300w, https:\/\/www.ofpublicinterest.eu\/wp-content\/uploads\/2025\/09\/WhatsApp-Image-2025-09-14-at-18.40.46-2.jpeg 1350w\" sizes=\"auto, (max-width: 1024px) 100vw, 1024px\" \/><figcaption class=\"wp-element-caption\">Incontro dell&#8217;associazione Fantapolitica<\/figcaption><\/figure>\n\n\n\n<div class=\"wp-block-columns is-layout-flex wp-container-core-columns-is-layout-9d6595d7 wp-block-columns-is-layout-flex\">\n<div class=\"wp-block-column is-layout-flow wp-block-column-is-layout-flow\">\n<figure class=\"wp-block-image size-large\"><img loading=\"lazy\" decoding=\"async\" width=\"819\" height=\"1024\" src=\"https:\/\/www.ofpublicinterest.eu\/wp-content\/uploads\/2025\/09\/WhatsApp-Image-2025-09-14-at-18.40.46-819x1024.jpeg\" alt=\"\" class=\"wp-image-8266\" srcset=\"https:\/\/www.ofpublicinterest.eu\/wp-content\/uploads\/2025\/09\/WhatsApp-Image-2025-09-14-at-18.40.46-819x1024.jpeg 819w, https:\/\/www.ofpublicinterest.eu\/wp-content\/uploads\/2025\/09\/WhatsApp-Image-2025-09-14-at-18.40.46-240x300.jpeg 240w, https:\/\/www.ofpublicinterest.eu\/wp-content\/uploads\/2025\/09\/WhatsApp-Image-2025-09-14-at-18.40.46.jpeg 1080w\" sizes=\"auto, (max-width: 819px) 100vw, 819px\" \/><\/figure>\n<\/div>\n\n\n\n<div class=\"wp-block-column is-layout-flow wp-block-column-is-layout-flow\">\n<figure class=\"wp-block-image size-large\"><img loading=\"lazy\" decoding=\"async\" width=\"819\" height=\"1024\" src=\"https:\/\/www.ofpublicinterest.eu\/wp-content\/uploads\/2025\/09\/WhatsApp-Image-2025-09-14-at-14.27.19-819x1024.jpeg\" alt=\"\" class=\"wp-image-8267\" srcset=\"https:\/\/www.ofpublicinterest.eu\/wp-content\/uploads\/2025\/09\/WhatsApp-Image-2025-09-14-at-14.27.19-819x1024.jpeg 819w, https:\/\/www.ofpublicinterest.eu\/wp-content\/uploads\/2025\/09\/WhatsApp-Image-2025-09-14-at-14.27.19-240x300.jpeg 240w, https:\/\/www.ofpublicinterest.eu\/wp-content\/uploads\/2025\/09\/WhatsApp-Image-2025-09-14-at-14.27.19.jpeg 1080w\" sizes=\"auto, (max-width: 819px) 100vw, 819px\" \/><\/figure>\n<\/div>\n<\/div>\n\n\n\n<p>Reagire a un contesto che stringe: Pomigliano porta addosso i segni della <strong>crisi industriale<\/strong>, con un tasso di <strong>disoccupazione<\/strong> che supera il <strong>30%<\/strong> e intere <strong>generazioni <\/strong>sospese, <strong>prive di lavoro<\/strong> e <strong>opportunit\u00e0 educative<\/strong>. In <strong>Campania<\/strong>, oltre un quarto dei ragazzi tra i 15 e i 29 anni \u00e8 <strong>NEET<\/strong> <em>(<\/em><a href=\"https:\/\/www.istat.it\/it\/archivio\/neet\"><u><em><u>Not in Education, Employment or Training<\/u><\/em><\/u><\/a><em>)<\/em>, ovvero fuori da percorsi di formazione e occupazione,  e non \u00e8 solo un dato statistico: \u00e8 un corpo sociale svuotato, <em>pane<\/em> negato. A questa fragilit\u00e0 si affiancano le difficolt\u00e0 ambientali, legate all\u2019<strong>inquinamento<\/strong>, <strong>alla gestione del territorio e un tessuto urbano segnato da spazi abbandonati<\/strong>, come l&#8217;ex stazione ferroviaria.<\/p>\n\n\n\n<figure class=\"wp-block-image size-large\"><img loading=\"lazy\" decoding=\"async\" width=\"1024\" height=\"819\" src=\"https:\/\/www.ofpublicinterest.eu\/wp-content\/uploads\/2025\/09\/WhatsApp-Image-2025-09-14-at-14.27.21-1024x819.jpeg\" alt=\"\" class=\"wp-image-8269\" srcset=\"https:\/\/www.ofpublicinterest.eu\/wp-content\/uploads\/2025\/09\/WhatsApp-Image-2025-09-14-at-14.27.21-1024x819.jpeg 1024w, https:\/\/www.ofpublicinterest.eu\/wp-content\/uploads\/2025\/09\/WhatsApp-Image-2025-09-14-at-14.27.21-300x240.jpeg 300w, https:\/\/www.ofpublicinterest.eu\/wp-content\/uploads\/2025\/09\/WhatsApp-Image-2025-09-14-at-14.27.21.jpeg 1350w\" sizes=\"auto, (max-width: 1024px) 100vw, 1024px\" \/><\/figure>\n\n\n\n<p>In questo scenario il <em>Rinascita Fest<\/em> \u00e8 molto pi\u00f9 di un cartellone culturale: \u00e8 un atto politico, un tentativo concreto di ricostruire legami, restituire spazio e tempo alla comunit\u00e0. Una scelta che trova forza proprio nell\u2019urgenza del presente: dal <strong>genocidio in Palestina<\/strong> ai conflitti dimenticati, alla <strong>repressione<\/strong> che attraversa le nostre <strong>democrazie<\/strong>.<\/p>\n\n\n\n<figure class=\"wp-block-image size-large\"><img loading=\"lazy\" decoding=\"async\" width=\"1024\" height=\"819\" src=\"https:\/\/www.ofpublicinterest.eu\/wp-content\/uploads\/2025\/09\/WhatsApp-Image-2025-09-14-at-18.40.45-3-1024x819.jpeg\" alt=\"\" class=\"wp-image-8262\" srcset=\"https:\/\/www.ofpublicinterest.eu\/wp-content\/uploads\/2025\/09\/WhatsApp-Image-2025-09-14-at-18.40.45-3-1024x819.jpeg 1024w, https:\/\/www.ofpublicinterest.eu\/wp-content\/uploads\/2025\/09\/WhatsApp-Image-2025-09-14-at-18.40.45-3-300x240.jpeg 300w, https:\/\/www.ofpublicinterest.eu\/wp-content\/uploads\/2025\/09\/WhatsApp-Image-2025-09-14-at-18.40.45-3.jpeg 1350w\" sizes=\"auto, (max-width: 1024px) 100vw, 1024px\" \/><\/figure>\n\n\n\n<figure class=\"wp-block-image size-large\"><img loading=\"lazy\" decoding=\"async\" width=\"1024\" height=\"580\" src=\"https:\/\/www.ofpublicinterest.eu\/wp-content\/uploads\/2025\/09\/WhatsApp-Image-2025-09-14-at-14.27.16-1024x580.jpeg\" alt=\"\" class=\"wp-image-8270\" srcset=\"https:\/\/www.ofpublicinterest.eu\/wp-content\/uploads\/2025\/09\/WhatsApp-Image-2025-09-14-at-14.27.16-1024x580.jpeg 1024w, https:\/\/www.ofpublicinterest.eu\/wp-content\/uploads\/2025\/09\/WhatsApp-Image-2025-09-14-at-14.27.16-300x170.jpeg 300w, https:\/\/www.ofpublicinterest.eu\/wp-content\/uploads\/2025\/09\/WhatsApp-Image-2025-09-14-at-14.27.16.jpeg 1350w\" sizes=\"auto, (max-width: 1024px) 100vw, 1024px\" \/><\/figure>\n\n\n\n<p>Stesse le logiche di esclusione che colpiscono chi migra, trasformando frontiere e mari in luoghi di morte. Dopo i primi giorni dedicati a lavoro, disarmo e repressione, il programma del <em>RinascitaFest<\/em> prosegue infatti con la giornata sull\u2019immigrazione insieme a <strong>Mediterranea Saving Humans<\/strong>, <strong>Don Mattia Ferrari <\/strong>e <strong>Andrea Morniroli.<\/strong><\/p>\n\n\n\n<p>Il 14 settembre il festival ha ospitato la giornata <em><strong>Giustizia per Mario Paciolla<\/strong><\/em>, <strong>cooperante ONU trovato morto a San Vicente del Cagu\u00e0n il 15 luglio 2020. La sua morte \u00e8 stata archiviata lo scorso giugno come suicidio, nonostante prove e testimonianze che indicano il contrario. Insieme ai genitori, Anna e Pino, e al Comitato che porta avanti la sua memoria, il Rinascita Fest rinnova l\u2019impegno per una battaglia di verit\u00e0 e giustizia contro silenzi e omissioni istituzionali.<\/strong><\/p>\n\n\n\n<p>La chiusura, il 21 settembre, vedr\u00e0 protagonista <strong>Patrick Zaki<\/strong>, insieme ad attivisti internazionali. Ogni sera, accanto ai panel, musica e teatro accompagneranno le discussioni, con artisti come Dad\u00e0, Addolorata, Riva, Azul e Vesuviano.<\/p>\n\n\n\n<figure class=\"wp-block-image size-large\"><img loading=\"lazy\" decoding=\"async\" width=\"819\" height=\"1024\" src=\"https:\/\/www.ofpublicinterest.eu\/wp-content\/uploads\/2025\/09\/WhatsApp-Image-2025-09-14-at-18.40.46-1-819x1024.jpeg\" alt=\"\" class=\"wp-image-8265\" srcset=\"https:\/\/www.ofpublicinterest.eu\/wp-content\/uploads\/2025\/09\/WhatsApp-Image-2025-09-14-at-18.40.46-1-819x1024.jpeg 819w, https:\/\/www.ofpublicinterest.eu\/wp-content\/uploads\/2025\/09\/WhatsApp-Image-2025-09-14-at-18.40.46-1-240x300.jpeg 240w, https:\/\/www.ofpublicinterest.eu\/wp-content\/uploads\/2025\/09\/WhatsApp-Image-2025-09-14-at-18.40.46-1.jpeg 1080w\" sizes=\"auto, (max-width: 819px) 100vw, 819px\" \/><figcaption class=\"wp-element-caption\">Gaza Cola &#8211; prodotta da Palestine House e venduta all&#8217;interno del Festival<\/figcaption><\/figure>\n\n\n\n<p><mark style=\"background-color:rgba(0, 0, 0, 0)\" class=\"has-inline-color has-black-color\">Il <em>Rinascita Fest<\/em> \u00e8 autofinanziato, indipendente, parte della campagna <a href=\"https:\/\/bdsitalia.org\/\"><u><strong><u>BDS Italia<\/u><\/strong><\/u><\/a>, rivendicando il diritto di schierarsi, di accompagnare \u00able giuste proteste nell\u2019ottica della solidariet\u00e0\u00bb, scegliendo attivamente di stare <strong>dalla parte della dignit\u00e0<\/strong>, evitando di nascondersi dietro equidistanze. <\/mark><\/p>\n\n\n\n<p>Non un festival, ma un <strong>modo diverso di abitare lo spazio e il tempo<\/strong>: lento, condiviso e collettivo. <strong>Dalla parte di chi resiste<\/strong>.<\/p>\n\n\n\n<figure class=\"wp-block-image size-large\"><img loading=\"lazy\" decoding=\"async\" width=\"1024\" height=\"819\" src=\"https:\/\/www.ofpublicinterest.eu\/wp-content\/uploads\/2025\/09\/WhatsApp-Image-2025-09-14-at-14.27.24-1024x819.jpeg\" alt=\"\" class=\"wp-image-8268\" srcset=\"https:\/\/www.ofpublicinterest.eu\/wp-content\/uploads\/2025\/09\/WhatsApp-Image-2025-09-14-at-14.27.24-1024x819.jpeg 1024w, https:\/\/www.ofpublicinterest.eu\/wp-content\/uploads\/2025\/09\/WhatsApp-Image-2025-09-14-at-14.27.24-300x240.jpeg 300w, https:\/\/www.ofpublicinterest.eu\/wp-content\/uploads\/2025\/09\/WhatsApp-Image-2025-09-14-at-14.27.24.jpeg 1350w\" sizes=\"auto, (max-width: 1024px) 100vw, 1024px\" \/><\/figure>\n\n\n\n<p><em>Rinascita Fest 2025 \u2013 \u201cPane e Pace\u201d, 10-21 settembre, ex stazione Circumvesuviana di Pomigliano d\u2019Arco. Programma completo sulle<\/em> <em>pagine ufficiali Facebook e Instagram del festival.<\/em><\/p>\n\n\n\n<p>Reportage a cura di <strong>Aldo Cicellyn<\/strong><\/p>\n\n\n<ol class=\"wp-block-footnotes\"><li id=\"9113b57b-53af-41cc-8517-ada3ca5c50be\"><em>La pulizia etnica della Palestina<\/em>, Ilan Papp\u00e9, Fazi Editore 2008, p.121. Rivisitazione parziale della citazione.  <a href=\"#9113b57b-53af-41cc-8517-ada3ca5c50be-link\" aria-label=\"Salta al riferimento nella nota a pi\u00e8 di pagina 1\">\u21a9\ufe0e<\/a><\/li><\/ol>","protected":false},"excerpt":{"rendered":"<p>Ne La pulizia etnica della Palestina, lo storico Ilan Papp\u00e9 rievoca come una delle tante operazioni militari israeliane durante la Nakba, l&#8217;espulsione forzata del popolo palestinese del 1948, fosse chiamata Cleansing Leaven, eliminare il lievito: \u00abIl termine ebraico \u201cbi\u2019ur hametz\u201d significa la totale purificazione e si riferisce alla pratica di eliminare ogni traccia di pane<\/p>\n","protected":false},"author":6,"featured_media":8259,"comment_status":"open","ping_status":"open","sticky":false,"template":"","format":"standard","meta":{"om_disable_all_campaigns":false,"_mi_skip_tracking":false,"_monsterinsights_sitenote_active":false,"_monsterinsights_sitenote_note":"","_monsterinsights_sitenote_category":0,"ngg_post_thumbnail":0,"footnotes":"[{\"content\":\"<em>La pulizia etnica della Palestina<\/em>, Ilan Papp\u00e9, Fazi Editore 2008, p.121. Rivisitazione parziale della citazione. \",\"id\":\"9113b57b-53af-41cc-8517-ada3ca5c50be\"}]"},"categories":[1],"tags":[21,1228,1216,286,284,1218,1220,309,1222,336,1224,60,707,1230,1226,1214,1212,75],"class_list":{"0":"post-8248","1":"post","2":"type-post","3":"status-publish","4":"format-standard","5":"has-post-thumbnail","7":"category-reportage","8":"tag-arte","9":"tag-bds-italia","10":"tag-circumvesuviana","11":"tag-cultura","12":"tag-diritti","13":"tag-giustizia-per-mario-paciolla","14":"tag-ilan-pappe","15":"tag-lavoro","16":"tag-ma-quale-casa","17":"tag-mario-paciolla","18":"tag-mediterranea-saving-humans","19":"tag-napoli","20":"tag-palestina","21":"tag-pane-e-pace","22":"tag-patrick-zaki","23":"tag-pomigliano-darco","24":"tag-rinascifest","25":"tag-storie"},"aioseo_notices":[],"_links":{"self":[{"href":"https:\/\/www.ofpublicinterest.eu\/index.php\/wp-json\/wp\/v2\/posts\/8248","targetHints":{"allow":["GET"]}}],"collection":[{"href":"https:\/\/www.ofpublicinterest.eu\/index.php\/wp-json\/wp\/v2\/posts"}],"about":[{"href":"https:\/\/www.ofpublicinterest.eu\/index.php\/wp-json\/wp\/v2\/types\/post"}],"author":[{"embeddable":true,"href":"https:\/\/www.ofpublicinterest.eu\/index.php\/wp-json\/wp\/v2\/users\/6"}],"replies":[{"embeddable":true,"href":"https:\/\/www.ofpublicinterest.eu\/index.php\/wp-json\/wp\/v2\/comments?post=8248"}],"version-history":[{"count":7,"href":"https:\/\/www.ofpublicinterest.eu\/index.php\/wp-json\/wp\/v2\/posts\/8248\/revisions"}],"predecessor-version":[{"id":8254,"href":"https:\/\/www.ofpublicinterest.eu\/index.php\/wp-json\/wp\/v2\/posts\/8248\/revisions\/8254"}],"wp:featuredmedia":[{"embeddable":true,"href":"https:\/\/www.ofpublicinterest.eu\/index.php\/wp-json\/wp\/v2\/media\/8259"}],"wp:attachment":[{"href":"https:\/\/www.ofpublicinterest.eu\/index.php\/wp-json\/wp\/v2\/media?parent=8248"}],"wp:term":[{"taxonomy":"category","embeddable":true,"href":"https:\/\/www.ofpublicinterest.eu\/index.php\/wp-json\/wp\/v2\/categories?post=8248"},{"taxonomy":"post_tag","embeddable":true,"href":"https:\/\/www.ofpublicinterest.eu\/index.php\/wp-json\/wp\/v2\/tags?post=8248"}],"curies":[{"name":"wp","href":"https:\/\/api.w.org\/{rel}","templated":true}]}}