{"id":8356,"date":"2026-03-17T12:05:56","date_gmt":"2026-03-17T11:05:56","guid":{"rendered":"https:\/\/www.ofpublicinterest.eu\/?p=8356"},"modified":"2026-04-09T10:08:19","modified_gmt":"2026-04-09T08:08:19","slug":"sveva-e-il-porticciolo","status":"publish","type":"post","link":"https:\/\/www.ofpublicinterest.eu\/index.php\/2026\/03\/17\/sveva-e-il-porticciolo\/","title":{"rendered":"Sveva e il porticciolo"},"content":{"rendered":"\n<p><\/p>\n\n\n\n<p>Quando <strong>Sveva<\/strong> mi ha parlato del suo primo tatuaggio non sapevo se crederle, tanto buffa mi sembrava l\u2019idea di incidersi sul fianco un<strong> lampione<\/strong>, non uno qualunque, ma quello che al calare del sole <strong>illumina la terrazza sul mare del Porticciolo di Pastena<\/strong>.<\/p>\n\n\n\n<p>Si tratta di un\u2019<strong>antica borgata di pescatori<\/strong> estesa su poco pi\u00f9 di 700 metri lungo il litorale, nella cosiddetta <em>zona orientale<\/em> della citt\u00e0. Siamo a <strong>Salerno<\/strong>. Sveva non \u00e8 nata qui, e il suo incontro con la citt\u00e0 \u00e8 stato del tutto fortuito. Eppure mi ha raccontato di come l\u2019immagine di quel lampione le ricordi le sue serate pi\u00f9 belle e i momenti in cui ha trovato se stessa, contando le ore di fronte alle barche dei pescatori ormeggiate alle spalle dell\u2019orizzonte.<\/p>\n\n\n\n<p>Nelle sue parole le cose pi\u00f9 piccole assumono una centralit\u00e0 che le fa sembrare straordinarie: il cordame umido delle barche, il rumore delle onde fra gli ormeggi, il passo lento del gatto di quartiere. Dopo la sua prima rottura, Sveva ha attraversato la A1 con la sua Smart, ha pianto, si \u00e8 lasciata far forza dagli amici, poi ha atteso che tutti la salutassero e si \u00e8 fermata qui per una o due ore, finalmente ad ascoltarsi nel silenzio della piazza vuota. Ha valutato offerte di lavoro, ha stabilito quando e come andare a vivere da sola, ha cercato nell\u2019orizzonte gli orizzonti del suo futuro.<\/p>\n\n\n\n<p>A Roma Sveva incontra qualche salernitano e la prima cosa che li fa sorridere all\u2019unisono \u00e8 parlare del Porticciolo.<\/p>\n\n\n\n<p><strong>Ma perch\u00e9 questa fra tutte le mete possibili?<\/strong><\/p>\n\n\n\n<p>Sveva frequenta Salerno dai tempi del liceo. Durante le prime estati comprava un cornetto a pochi passi dalla piazza sul mare e aspettava gli amici per prendere il bus verso l\u2019entroterra. Mi mostra la foto di un gruppo di ragazzi con alle spalle la fermata del trasporto urbano, che sorridono all\u2019obiettivo, che guardano al mare poco pi\u00f9 in l\u00e0.<\/p>\n\n\n\n<p>Il segreto di un legame cos\u00ec profondo si riassume forse in un gesto: <strong>la deviazione<\/strong>.<\/p>\n\n\n\n<p><strong>Per raggiungere il Porticciolo di Pastena, infatti, il percorso non \u00e8 lineare<\/strong>. Se da un lato sorge a ridosso di una delle principali strade di Salerno, allo stesso tempo \u00e8 visibile solo grazie a un paio di spiragli fra i condomini eretti di fronte al mare.<\/p>\n\n\n\n<p>Solo con una deviazione intenzionale si accede infine alla piazzetta aggettata sull\u2019orizzonte. <strong>\u00c8 un gesto che deroga agli impegni quotidiani e ai tracciati abituali della viabilit\u00e0 urbana. Un gesto rischioso, che impone di sacrificare il tempo del lavoro e della produzione, ma attraverso cui si apprende un nuovo modo di abitare la citt\u00e0.<\/strong><\/p>\n\n\n\n<p>Il Porticciolo resta un luogo irriducibile all\u2019estetica fine a se stessa, incomunicabile nei codici e nelle liturgie del turismo di massa. Le panchine sono regolarmente pi\u00f9 del numero degli astanti, come a promettere sempre un posto per gli ultimi arrivati, per affacciarsi a guardare la distesa di barche tirate in secca per trecento metri di asfalto e sabbia battuta. Verso nord la piazza si affaccia su un lungo tratto della Costiera amalfitana, creando una singolare commistione fra il paesaggio marittimo e quello aspro e montuoso del fronte dei Monti Lattari. A sud si stendono la piana del Sele e i monti del Cilento.<\/p>\n\n\n\n<p>Con la sera i lampioni sembrano illuminare tutto. Quand\u2019ero bambino la loro luce raggiungeva la finestra della mia cameretta affacciata sul mare, mentre guardavo la loro sagoma ergersi contro il tramonto e contro le mareggiate invernali. Qui dove io sono nato Sveva si \u00e8 trasformata. E mentre il suo racconto volge al termine io cerco di immaginare quante storie personali trovino in questa fila di case addossate sulla spiaggia il proprio punto di convergenza.<\/p>\n\n\n\n<p>Il Porticciolo di Pastena \u00e8 uno dei luoghi pi\u00f9 familiari per la cittadinanza, dove si d\u00e0 appuntamento anche a chi non vi \u00e8 mai stato. Come per la certezza che sia impossibile perderlo di vista, come per i<strong>l sospetto che diventi a un tratto irriconoscibile perch\u00e9 qualcuno ha deciso che cos\u00ec com\u2019\u00e8 non va bene, che un luogo improduttivo \u00e8 inutile, e magari anche sedersi su una panchina per trovare un po\u2019 di pace vale un biglietto d\u2019ingresso.<\/strong><\/p>\n\n\n\n<p>Oggi il <strong>progetto del Porto di Pastena, presentato dalla societ\u00e0 privata Polo Nautico S.r.l. come opera di riqualificazione, minaccia di sostituire la borgata con un\u2019infrastruttura turistica lunga un chilometro<\/strong>. I <strong>cittadini<\/strong>, raggiunti solo il 12 febbraio dalla notizia del via libera preventivo ai lavori, si sono <strong>mobilitati per presentare un ricorso civile e rivendicare la tutela dell\u2019integrit\u00e0 paesaggistica per un importante luogo di comunit\u00e0.<\/strong><\/p>\n\n\n\n<p>Paradossalmente il Porticciolo di Pastena si colloca<strong> <\/strong>nel paesaggio salernitano come una periferia domestica, centralissimo e al tempo stesso non ancora intaccato dalle trasformazioni edilizie che stanno profondamente rinnovando la citt\u00e0. E nonostante tutto r<strong>esta al centro di una storia che passa per i luoghi, dove situazioni apparentemente insignificante si trasformano in ricordi ed esperienze condivise per una vita.<\/strong><\/p>\n\n\n\n<p>Dopo due assemblee pubbliche, \u00e8 stata indetta dal comitato <em><strong>Gi\u00f9 le mani dal Porticciolo<\/strong> <\/em>una <strong>manifestazione in difesa dell\u2019integrit\u00e0 paesaggistica dei luoghi storici della citt\u00e0, il prossimo 22 marzo. <\/strong>Una battaglia civile che promette di contrapporre alle logiche finanziarie e alla mercificazione dello spazio urbano una visione che metta al centro le migliaia di esperienze che, come quella di Sveva, hanno dato forma a un luogo di comunit\u00e0.<\/p>\n\n\n\n<figure class=\"wp-block-image size-large\"><img loading=\"lazy\" decoding=\"async\" width=\"1024\" height=\"683\" src=\"https:\/\/www.ofpublicinterest.eu\/wp-content\/uploads\/2026\/03\/DSCF0298-1024x683.jpg\" alt=\"\" class=\"wp-image-8357\" srcset=\"https:\/\/www.ofpublicinterest.eu\/wp-content\/uploads\/2026\/03\/DSCF0298-1024x683.jpg 1024w, https:\/\/www.ofpublicinterest.eu\/wp-content\/uploads\/2026\/03\/DSCF0298-300x200.jpg 300w, https:\/\/www.ofpublicinterest.eu\/wp-content\/uploads\/2026\/03\/DSCF0298-1536x1024.jpg 1536w, https:\/\/www.ofpublicinterest.eu\/wp-content\/uploads\/2026\/03\/DSCF0298-270x180.jpg 270w, https:\/\/www.ofpublicinterest.eu\/wp-content\/uploads\/2026\/03\/DSCF0298-770x515.jpg 770w\" sizes=\"auto, (max-width: 1024px) 100vw, 1024px\" \/><\/figure>\n\n\n\n<p>Foto a cura di Marta Pepe<\/p>\n","protected":false},"excerpt":{"rendered":"<p>Quando Sveva mi ha parlato del suo primo tatuaggio non sapevo se crederle, tanto buffa mi sembrava l\u2019idea di incidersi sul fianco un lampione, non uno qualunque, ma quello che al calare del sole illumina la terrazza sul mare del Porticciolo di Pastena. Si tratta di un\u2019antica borgata di pescatori estesa su poco pi\u00f9 di<\/p>\n","protected":false},"author":16,"featured_media":8357,"comment_status":"open","ping_status":"open","sticky":false,"template":"","format":"standard","meta":{"om_disable_all_campaigns":false,"_mi_skip_tracking":false,"_monsterinsights_sitenote_active":false,"_monsterinsights_sitenote_note":"","_monsterinsights_sitenote_category":0,"ngg_post_thumbnail":0,"footnotes":""},"categories":[323],"tags":[1270,1274,1290,1288,1272,1276,1286,309,1292,1278,1282,1268,1284,609,1280,75],"class_list":{"0":"post-8356","1":"post","2":"type-post","3":"status-publish","4":"format-standard","5":"has-post-thumbnail","7":"category-rubriche","8":"tag-borgata","9":"tag-cilento","10":"tag-cittadini","11":"tag-comitato","12":"tag-costiera","13":"tag-costiera-amalfitana","14":"tag-giu-le-mani-dal-porticciolo","15":"tag-lavoro","16":"tag-mobilitazione-urbana","17":"tag-monti-lattari","18":"tag-polo-nautico-s-r-l","19":"tag-portcciolo-di-pastena","20":"tag-ricorso-civile","21":"tag-salerno","22":"tag-sele","23":"tag-storie"},"aioseo_notices":[],"_links":{"self":[{"href":"https:\/\/www.ofpublicinterest.eu\/index.php\/wp-json\/wp\/v2\/posts\/8356","targetHints":{"allow":["GET"]}}],"collection":[{"href":"https:\/\/www.ofpublicinterest.eu\/index.php\/wp-json\/wp\/v2\/posts"}],"about":[{"href":"https:\/\/www.ofpublicinterest.eu\/index.php\/wp-json\/wp\/v2\/types\/post"}],"author":[{"embeddable":true,"href":"https:\/\/www.ofpublicinterest.eu\/index.php\/wp-json\/wp\/v2\/users\/16"}],"replies":[{"embeddable":true,"href":"https:\/\/www.ofpublicinterest.eu\/index.php\/wp-json\/wp\/v2\/comments?post=8356"}],"version-history":[{"count":4,"href":"https:\/\/www.ofpublicinterest.eu\/index.php\/wp-json\/wp\/v2\/posts\/8356\/revisions"}],"predecessor-version":[{"id":8374,"href":"https:\/\/www.ofpublicinterest.eu\/index.php\/wp-json\/wp\/v2\/posts\/8356\/revisions\/8374"}],"wp:featuredmedia":[{"embeddable":true,"href":"https:\/\/www.ofpublicinterest.eu\/index.php\/wp-json\/wp\/v2\/media\/8357"}],"wp:attachment":[{"href":"https:\/\/www.ofpublicinterest.eu\/index.php\/wp-json\/wp\/v2\/media?parent=8356"}],"wp:term":[{"taxonomy":"category","embeddable":true,"href":"https:\/\/www.ofpublicinterest.eu\/index.php\/wp-json\/wp\/v2\/categories?post=8356"},{"taxonomy":"post_tag","embeddable":true,"href":"https:\/\/www.ofpublicinterest.eu\/index.php\/wp-json\/wp\/v2\/tags?post=8356"}],"curies":[{"name":"wp","href":"https:\/\/api.w.org\/{rel}","templated":true}]}}